{"id":10225,"date":"2024-02-29T12:40:37","date_gmt":"2024-02-29T11:40:37","guid":{"rendered":"https:\/\/catedratrabajorecursoshumanosysalud.umh.es\/?p=10225"},"modified":"2024-03-04T14:02:55","modified_gmt":"2024-03-04T13:02:55","slug":"vi-jornadas-de-trabajo-recursos-humanos-y-salud","status":"publish","type":"post","link":"https:\/\/catedratrabajorecursoshumanosysalud.umh.es\/ca\/vi-jornadas-de-trabajo-recursos-humanos-y-salud\/","title":{"rendered":"<span lang=\"es\">(Espa\u00f1ol) VI Jornadas de Trabajo, Recursos Humanos y Salud<\/span>"},"content":{"rendered":"<p>[et_pb_section fb_built=&#8221;1&#8243; admin_label=&#8221;Secci\u00f3n&#8221; _builder_version=&#8221;4.17.4&#8243; _module_preset=&#8221;default&#8221; collapsed=&#8221;off&#8221; global_colors_info=&#8221;{}&#8221;][et_pb_row _builder_version=&#8221;4.17.4&#8243; _module_preset=&#8221;default&#8221; global_colors_info=&#8221;{}&#8221;][et_pb_column type=&#8221;4_4&#8243; _builder_version=&#8221;4.17.4&#8243; _module_preset=&#8221;default&#8221; border_width_top=&#8221;0px&#8221; border_color_top_tablet=&#8221;&#8221; border_color_top_phone=&#8221;&#8221; border_color_top_last_edited=&#8221;on|desktop&#8221; global_colors_info=&#8221;{}&#8221;][et_pb_text admin_label=&#8221;Texto&#8221; _builder_version=&#8221;4.17.4&#8243; _module_preset=&#8221;default&#8221; global_colors_info=&#8221;{}&#8221;]<\/p>\n<p>Las VI jornadas de Trabajo, Recursos Humanos y Salud. <strong><em>Visiones desde los servicios de prevenci\u00f3n centradas en las personas<\/em><\/strong> forman parte de un proyecto orientado a acercar a profesionales y estudiantes a la realidad de la prevenci\u00f3n de riesgos laborales. Estas jornadas se centran en ofrecer un enfoque pr\u00e1ctico desde la perspectiva de las personas que trabajan a diario en este \u00e1mbito con especial atenci\u00f3n a temas de salud ocupacional.<\/p>\n<p>El evento de Jornadas de Trabajo, Recursos Humanos y Salud es una iniciativa realizada de manera conjunta entre la C\u00e1tedra de Trabajo, Recursos Humanos y Salud y el M\u00e1ster Universitario en Gesti\u00f3n de Recursos Humanos, Trabajo y Organizaciones de la Universidad Miguel Hern\u00e1ndez. Su prop\u00f3sito es reflexionar acerca del creciente papel que desempe\u00f1an los conocimientos en las \u00e1reas de salud y gesti\u00f3n del trabajo y los recursos humanos dentro de las organizaciones, en la constante b\u00fasqueda de mejorar las relaciones laborales y el bienestar de las personas trabajadoras a trav\u00e9s de la aplicaci\u00f3n y combinaci\u00f3n efectiva de estos conocimientos.<\/p>\n<p>Las VI jornadas se centrar\u00e1n en la gesti\u00f3n de riesgos y emergencias tanto en entornos universitarios como empresariales, destacando la importancia de regular los recursos de los Servicios de Prevenci\u00f3n propios y ajenos. Se enfatizar\u00e1 en la necesidad de tener normativas claras para una respuesta efectiva ante situaciones de riesgo. Adem\u00e1s, se abordar\u00e1 la complejidad de enfrentar emergencias en entornos universitarios, la aplicaci\u00f3n de la psicosociolog\u00eda en la resoluci\u00f3n de conflictos organizacionales, y se analizar\u00e1n los servicios ofrecidos por un Servicio de Prevenci\u00f3n Ajeno, tomando como ejemplo el caso de Valora Prevenci\u00f3n. Tambi\u00e9n se discutir\u00e1 la gesti\u00f3n de recursos humanos en estos servicios, resaltando la importancia de contar con personal capacitado en la prevenci\u00f3n de riesgos laborales. En este caso contaremos con la visi\u00f3n de los expertos espa\u00f1oles: Juan P\u00e9rez Crespo, Francisco Hern\u00e1ndez Rodr\u00edguez y Pascual Mart\u00ednez Torres.<\/p>\n<p>[\/et_pb_text][et_pb_button button_url=&#8221;https:\/\/forms.gle\/i3z74CJ1u4TvibZr7&#8243; url_new_window=&#8221;on&#8221; button_text=&#8221;INSCRIPCIONES&#8221; admin_label=&#8221;Bot\u00f3n&#8221; _builder_version=&#8221;4.17.4&#8243; _module_preset=&#8221;default&#8221; global_colors_info=&#8221;{}&#8221;][\/et_pb_button][et_pb_button button_url=&#8221;https:\/\/catedratrabajorecursoshumanosysalud.umh.es\/files\/2024\/02\/Programa-VI-Jornadas-RRHH-2024_page-0001-scaled.jpg&#8221; url_new_window=&#8221;on&#8221; button_text=&#8221;PROGRAMA (PDF)&#8221; admin_label=&#8221;Bot\u00f3n&#8221; _builder_version=&#8221;4.17.4&#8243; _module_preset=&#8221;default&#8221; global_colors_info=&#8221;{}&#8221;][\/et_pb_button][et_pb_text _builder_version=&#8221;4.17.4&#8243; _module_preset=&#8221;default&#8221; global_colors_info=&#8221;{}&#8221;]<\/p>\n<p>Las VI jornadas de Trabajo, Recursos Humanos y Salud, de car\u00e1cter virtual, se desarrollar\u00e1n a lo largo del mes de abril, los d\u00edas 15, 22 y 29 bajo el lema \u201c<strong><em>Visiones desde los servicios de prevenci\u00f3n centradas en las personas\u201d<\/em><\/strong> En las \u00faltimas ediciones se ha demostrado que la combinaci\u00f3n de aspectos te\u00f3ricos y pr\u00e1cticos ha sido efectiva, por lo que esta metodolog\u00eda ser\u00e1 mantenida. Este evento es una continuaci\u00f3n de la iniciativa de la C\u00e1tedra de Trabajo, Organizaciones y Recursos Humanos, que busca poner en valor la importancia de las personas y la salud en la gesti\u00f3n laboral y de recursos humanos en las organizaciones. Asimismo, se enmarca dentro de las actividades docentes programadas del m\u00e1ster Universitario en Gesti\u00f3n de Recursos Humanos, Trabajo y Organizaciones en lo concerniente a la prevenci\u00f3n de riesgos laborales.<\/p>\n<p>&nbsp;<\/p>\n<p>Este evento est\u00e1 dirigido tanto a estudiantes como a profesionales interesados en la Gesti\u00f3n de Recursos Humanos y Salud Ocupacional en las organizaciones. Su prop\u00f3sito es brindarles una comprensi\u00f3n de las problem\u00e1ticas que enfrentan en la intersecci\u00f3n de las relaciones laborales y la salud y el bienestar de los trabajadores en sus respectivas organizaciones.\u200b<\/p>\n<h3><strong>Descripci\u00f3n<\/strong><\/h3>\n<ul>\n<li>Fechas: 15, 22 y 29 de abril de 2024.<\/li>\n<li>Lugar: Google Meet.<\/li>\n<li>Precio: Gratuito.<\/li>\n<li>Duraci\u00f3n: 3 sesiones, horario entre las 17:00h a 22:00h.<\/li>\n<li>Reconocimiento de cr\u00e9ditos por la Universidad Miguel Hern\u00e1ndez: 0,5 cr\u00e9ditos ECTS (asistencia al 80%).<\/li>\n<li>Programa (<a href=\"https:\/\/catedratrabajorecursoshumanosysalud.umh.es\/files\/2024\/02\/Programa-VI-Jornadas-RRHH-2024_page-0001-scaled.jpg\">enlace<\/a>)<\/li>\n<\/ul>\n<h3><strong>Organizadores<\/strong><\/h3>\n<p><a href=\"http:\/\/master-rrhh.umh.es\/\"><em>MARHTO<\/em><\/a> (M\u00e1ster universitario en Gesti\u00f3n de Recursos Humanos, Trabajo y Organizaciones) y <a href=\"https:\/\/catedratrabajorecursoshumanosysalud.umh.es\/\"><em>C\u00e1tedra Trabajo, Recursos Humanos y Salud<\/em><\/a> de la Universidad Miguel Hern\u00e1ndez de Elche.<\/p>\n<p>[\/et_pb_text][et_pb_image src=&#8221;https:\/\/catedratrabajorecursoshumanosysalud.umh.es\/files\/2024\/02\/UMH-MARHTO-CATEDRA-TRHS-.png&#8221; title_text=&#8221;UMH-MARHTO-CATEDRA-TRHS-&#8221; _builder_version=&#8221;4.17.4&#8243; _module_preset=&#8221;default&#8221; global_colors_info=&#8221;{}&#8221;][\/et_pb_image][et_pb_text _builder_version=&#8221;4.17.4&#8243; _module_preset=&#8221;default&#8221; global_colors_info=&#8221;{}&#8221;]<\/p>\n<h3><strong>Contacto<\/strong><\/h3>\n<p>Coordinador de las Jornadas: Juan P\u00e9rez Crespo y M. A. Yordhana G\u00f3mez S\u00e1nchez<\/p>\n<p>Secretar\u00eda: master-rrhh@umh.es<\/p>\n<p>&nbsp;<\/p>\n<h3><strong>Participaci\u00f3n en las jornadas<\/strong><\/h3>\n<ol>\n<li>Se requiere inscripci\u00f3n para participar en las jornadas. Seleccionar Jornadas<\/li>\n<li>Se contar\u00e1 la asistencia a las Jornadas. Se requiere un m\u00ednimo del 80% para obtener el diploma de asistencia<\/li>\n<li>Jornadas reconocidas por la Universidad Miguel Hern\u00e1ndez de Elche<\/li>\n<li>Se emitir\u00e1 un certificado a la finalizaci\u00f3n<\/li>\n<li>Coste: gratuito<\/li>\n<li>Plazas limitadas<\/li>\n<\/ol>\n<p>[\/et_pb_text][et_pb_image src=&#8221;https:\/\/catedratrabajorecursoshumanosysalud.umh.es\/files\/2024\/02\/Programa-VI-Jornadas-RRHH-2024_page-0001-scaled.jpg&#8221; alt=&#8221;Programa por favor ir a boton de programa para descargarlo en pdf&#8221; title_text=&#8221;Programa VI Jornadas RRHH 2024_page-0001&#8243; admin_label=&#8221;Imagen&#8221; _builder_version=&#8221;4.17.4&#8243; _module_preset=&#8221;default&#8221; global_colors_info=&#8221;{}&#8221;][\/et_pb_image][\/et_pb_column][\/et_pb_row][\/et_pb_section]<\/p>","protected":false},"excerpt":{"rendered":"<p>Las VI jornadas de Trabajo, Recursos Humanos y Salud. Visiones desde los servicios de prevenci\u00f3n centradas en las personas forman parte de un proyecto orientado a acercar a profesionales y estudiantes a la realidad de la prevenci\u00f3n de riesgos laborales. Estas jornadas se centran en ofrecer un enfoque pr\u00e1ctico desde la perspectiva de las personas [&hellip;]<\/p>\n","protected":false},"author":28471,"featured_media":10240,"comment_status":"open","ping_status":"open","sticky":false,"template":"","format":"standard","meta":{"_et_pb_use_builder":"on","_et_pb_old_content":"","_et_gb_content_width":"","_links_to":"","_links_to_target":""},"categories":[1242,164,23,228],"tags":[],"_links":{"self":[{"href":"https:\/\/catedratrabajorecursoshumanosysalud.umh.es\/ca\/wp-json\/wp\/v2\/posts\/10225"}],"collection":[{"href":"https:\/\/catedratrabajorecursoshumanosysalud.umh.es\/ca\/wp-json\/wp\/v2\/posts"}],"about":[{"href":"https:\/\/catedratrabajorecursoshumanosysalud.umh.es\/ca\/wp-json\/wp\/v2\/types\/post"}],"author":[{"embeddable":true,"href":"https:\/\/catedratrabajorecursoshumanosysalud.umh.es\/ca\/wp-json\/wp\/v2\/users\/28471"}],"replies":[{"embeddable":true,"href":"https:\/\/catedratrabajorecursoshumanosysalud.umh.es\/ca\/wp-json\/wp\/v2\/comments?post=10225"}],"version-history":[{"count":0,"href":"https:\/\/catedratrabajorecursoshumanosysalud.umh.es\/ca\/wp-json\/wp\/v2\/posts\/10225\/revisions"}],"wp:featuredmedia":[{"embeddable":true,"href":"https:\/\/catedratrabajorecursoshumanosysalud.umh.es\/ca\/wp-json\/wp\/v2\/media\/10240"}],"wp:attachment":[{"href":"https:\/\/catedratrabajorecursoshumanosysalud.umh.es\/ca\/wp-json\/wp\/v2\/media?parent=10225"}],"wp:term":[{"taxonomy":"category","embeddable":true,"href":"https:\/\/catedratrabajorecursoshumanosysalud.umh.es\/ca\/wp-json\/wp\/v2\/categories?post=10225"},{"taxonomy":"post_tag","embeddable":true,"href":"https:\/\/catedratrabajorecursoshumanosysalud.umh.es\/ca\/wp-json\/wp\/v2\/tags?post=10225"}],"curies":[{"name":"wp","href":"https:\/\/api.w.org\/{rel}","templated":true}]}}