{"id":6313,"date":"2021-10-15T10:33:09","date_gmt":"2021-10-15T08:33:09","guid":{"rendered":"https:\/\/catedratrabajorecursoshumanosysalud.umh.es\/?p=6313"},"modified":"2022-05-11T13:58:46","modified_gmt":"2022-05-11T11:58:46","slug":"iii-jornadas-trabajo-recursos-humanos-salud","status":"publish","type":"post","link":"https:\/\/catedratrabajorecursoshumanosysalud.umh.es\/ca\/iii-jornadas-trabajo-recursos-humanos-salud\/","title":{"rendered":"III Jornadas de Trabajo, Recursos Humanos y Salud"},"content":{"rendered":"<p>[et_pb_section fb_built=&#8221;1&#8243; _builder_version=&#8221;4.2.2&#8243;][et_pb_row _builder_version=&#8221;4.2.2&#8243;][et_pb_column type=&#8221;4_4&#8243; _builder_version=&#8221;4.2.2&#8243;][et_pb_text _builder_version=&#8221;4.2.2&#8243; hover_enabled=&#8221;0&#8243;]<\/p>\n<header class=\"entry-header\">\n<h1 class=\"entry-title\">III de Jornadas Trabajo, Recursos Humanos y Salud<\/h1>\n<\/header>\n<div class=\"elementor elementor-2479\" data-elementor-type=\"wp-page\" data-elementor-id=\"2479\" data-elementor-settings=\"[]\">\n<div class=\"elementor-inner\">\n<div class=\"elementor-section-wrap\">\n<section class=\"elementor-section elementor-top-section elementor-element elementor-element-d9d8c69 elementor-section-boxed elementor-section-height-default elementor-section-height-default\" data-id=\"d9d8c69\">\n<div class=\"elementor-container elementor-column-gap-default\">\n<div class=\"elementor-row\">\n<div class=\"elementor-column elementor-col-100 elementor-top-column elementor-element elementor-element-5a5d57f\" data-id=\"5a5d57f\">\n<div class=\"elementor-column-wrap elementor-element-populated\">\n<div class=\"elementor-widget-wrap\">\n<div class=\"elementor-element elementor-element-474ac58 elementor-widget elementor-widget-text-editor\" data-id=\"474ac58\">\n<div class=\"elementor-widget-container\">\n<div class=\"elementor-text-editor elementor-clearfix\">\n<h1><strong>Jornadas de Trabajo, Recursos Humanos &amp; Salud<\/strong><\/h1>\n<p style=\"text-align: justify\"><span style=\"font-weight: 400\">Las <\/span><strong>III<\/strong><strong> Jornadas de Trabajo, Recursos Humanos y Salud. <\/strong><strong><em>Internacionalizaci\u00f3n: Estrat\u00e9gias para la Gesti\u00f3n de Personas<\/em><\/strong><span style=\"font-weight: 400\">\u00a0se enmarcan dentro de una iniciativa para acercar a los profesionales y al alumnado a las realidades de las organizaciones desde el punto de vista de las personas que investigan y trabajan a diario en la convergencia de los campos de salud, psicolog\u00eda del trabajo y de las organizaciones, la gesti\u00f3n del trabajo y las relaciones laborales y los recursos humanos.<\/span><\/p>\n<p style=\"text-align: justify\"><span style=\"font-weight: 400\">El ciclo de <strong>Jornadas de Trabajo, Recursos Humanos y Salud<\/strong> es una actividad organizada conjuntamente por la <a href=\"..\/\">C\u00e1tedra de Trabajo, Recursos Humanos y Salud<\/a> y el <a href=\"http:\/\/master-rrhh.umh.es\/\">M\u00e1ster Universitario en Gesti\u00f3n de Recursos Humanos, Trabajo y Organizaciones<\/a>\u00a0ambos de la <a href=\"https:\/\/www.umh.es\/?lang=ES\">Universidad Miguel Hern\u00e1ndez<\/a> con el fin de reflexionar sobre el papel, cada d\u00eda m\u00e1s importante, de la aplicaci\u00f3n y fusi\u00f3n de los conocimientos adquiridos en las \u00e1reas de salud y gesti\u00f3n del trabajo y los recursos humanos en las organizaciones, en la b\u00fasqueda permanente de unas \u00f3ptimas y productivas relaciones y bienestar laboral de los empleados.<\/span><\/p>\n<p style=\"text-align: justify\"><span style=\"font-weight: 400\">Las <\/span><span style=\"font-weight: 400\">II<\/span><span style=\"font-weight: 400\"> jornadas se centrar\u00e1n en la internacionalizaci\u00f3n de estos aspectos. En este caso contaremos con la visi\u00f3n de expertos de Am\u00e9rica Latina y Europa sobre las tareas y funciones de la Psicolog\u00eda del Trabajo, las Organizaciones y los Recursos Humanos en diferentes pa\u00edses.<\/span><\/p>\n<p style=\"text-align: center\"><a href=\"https:\/\/universite.umh.es\/fpogestion\/aspx\/Preinscripcion\/Preinscripcion.aspx\"><strong>Inscripci\u00f3n en las III Jornadas de Trabajo, Recursos Humanos y Salud.<\/strong><\/a><\/p>\n<\/div>\n<\/div>\n<\/div>\n<\/div>\n<\/div>\n<\/div>\n<\/div>\n<\/div>\n<\/section>\n<section class=\"elementor-section elementor-top-section elementor-element elementor-element-0e921ad elementor-section-boxed elementor-section-height-default elementor-section-height-default\" data-id=\"0e921ad\">\n<div class=\"elementor-container elementor-column-gap-default\">\n<div class=\"elementor-row\">\n<div class=\"elementor-column elementor-col-100 elementor-top-column elementor-element elementor-element-cdf4ed0\" data-id=\"cdf4ed0\">\n<div class=\"elementor-column-wrap elementor-element-populated\">\n<div class=\"elementor-widget-wrap\">\n<div class=\"elementor-element elementor-element-0d64732 elementor-widget elementor-widget-image\" data-id=\"0d64732\">\n<div class=\"elementor-widget-container\">\n<div class=\"elementor-image\"><img loading=\"lazy\" class=\"attachment-large size-large\" src=\"https:\/\/master-rrhh-umh.es\/wp-content\/uploads\/2021\/10\/III-JORNADAS-TRHS.png\" alt=\"\" width=\"957\" height=\"817\" data-lazy-loaded=\"true\" \/><\/div>\n<\/div>\n<\/div>\n<div class=\"elementor-element elementor-element-5786cac elementor-widget elementor-widget-text-editor\" data-id=\"5786cac\">\n<div class=\"elementor-widget-container\">\n<div class=\"elementor-text-editor elementor-clearfix\">\n<h2><strong>III<\/strong><strong> Jornadas de Trabajo, Recursos Humanos y Salud<\/strong><span style=\"font-weight: 400\">.<\/span><\/h2>\n<h2><em><span style=\"font-weight: 400\">Internacionalizaci\u00f3n: Estrategias para la gesti\u00f3n de personas.<\/span><\/em><\/h2>\n<p style=\"text-align: justify\"><span style=\"font-weight: 400\">Las <\/span><strong>III Jornadas de Trabajo, Recursos Humanos y Salud, <\/strong><span style=\"font-weight: 400\">de car\u00e1cter virtual, se desarrollar\u00e1n <\/span><span style=\"font-weight: 400\">entre el mes de noviembre<\/span><span style=\"font-weight: 400\">\u00a0bajo el lema \u201c<\/span><strong>Internacionalizaci\u00f3n: Estrategia para la gesti\u00f3n de personas<\/strong><span style=\"font-weight: 400\">\u201d, este evento da continuidad a la iniciativa de la C\u00e1tedra de Trabajo, Organizaciones y Recursos Humanos de poner en valor la importancia de las personas y la salud en la gesti\u00f3n del trabajo y los recursos humanos en las organizaciones de distintos pa\u00edses y del m\u00e1ster Universitario en Gesti\u00f3n de Recursos Humanos, Trabajo y Organizaciones en su acciones docentes programadas de internacionalizaci\u00f3n.<\/span><\/p>\n<p style=\"text-align: justify\"><span style=\"font-weight: 400\">Est\u00e1 dirigido tanto a estudiantes como a profesionales interesados en la Gesti\u00f3n de Recursos Humanos y Salud Ocupacional en las organizaciones con el objetivo ayudarles a comprender las problem\u00e1ticas a las que se enfrentan en la convergencia de relaciones laborales y la salud y el bienestar de sus trabajadores y trabajadoras en sus organizaciones.<\/span><\/p>\n<h3><strong>Descripci\u00f3n<\/strong><\/h3>\n<ul>\n<li><span style=\"font-weight: 400\">Fechas: 2, 9, 16, 18 y 23 de noviembre.<\/span><\/li>\n<li><span style=\"font-weight: 400\">Lugar: Google Meet.<\/span><\/li>\n<li><span style=\"font-weight: 400\">Precio: Gratuito.<\/span><\/li>\n<li><span style=\"font-weight: 400\">Duraci\u00f3n: 5 sesiones, horario entre las 18 a 20 h.<\/span><\/li>\n<li><span style=\"font-weight: 400\">Reconocimiento de cr\u00e9ditos por la Universidad Miguel Hern\u00e1ndez: 0,5 cr\u00e9ditos ECTS<\/span><\/li>\n<li><a href=\"https:\/\/master-rrhh-umh.es\/wp-content\/uploads\/2021\/10\/PROGRAMA-III-JORNADAS.pdf\"><span style=\"font-weight: 400\">Programa <\/span><span style=\"font-weight: 400\">(enlace)<\/span><\/a><\/li>\n<\/ul>\n<h3><strong>Organizadores<\/strong><\/h3>\n<p><a href=\"http:\/\/master-rrhh.umh.es\/\"><em><span style=\"font-weight: 400\">MARHTO<\/span><\/em><\/a><span style=\"font-weight: 400\"> (M\u00e1ster universitario en Gesti\u00f3n de Recursos Humanos, Trabajo y Organizaciones) y <\/span><a href=\"..\/\"><em><span style=\"font-weight: 400\">C\u00e1tedra Trabajo, Recursos Humanos y Salud<\/span><\/em><\/a><span style=\"font-weight: 400\"> de la Universidad Miguel Hern\u00e1ndez de Elche.<\/span><\/p>\n<p><img loading=\"lazy\" src=\"https:\/\/master-rrhh-umh.es\/wp-content\/uploads\/2021\/02\/MARHTO-CATEDRA-UMH-COMBINADO-300x67.png\" alt=\"Logo MARHTO CATEDRA Trabajo Recursos Humanos y Salud UMH\" width=\"300\" height=\"67\" data-lazy-loaded=\"true\" \/><\/p>\n<h3><strong>Contacto<\/strong><\/h3>\n<p><span style=\"font-weight: 400\">Coordinador de las Jornadas: \u00c1ngel Solanes<\/span><\/p>\n<p><span style=\"font-weight: 400\">Secretar\u00eda: master-rrhh@umh.es<\/span><\/p>\n<h3><strong>Participaci\u00f3n en las jornadas<\/strong><\/h3>\n<ol>\n<li><span style=\"font-weight: 400\">Se requiere<\/span> <a href=\"https:\/\/universite.umh.es\/fpogestion\/aspx\/Preinscripcion\/Preinscripcion.aspx\"><span style=\"font-weight: 400\">inscripci\u00f3n<\/span><\/a><span style=\"font-weight: 400\"> para participar en las jornadas. Seleccionar Jornadas<\/span><\/li>\n<li><span style=\"font-weight: 400\">Se contar\u00e1 la asistencia a las Jornadas. Se requiere un m\u00ednimo del 80% para obtener el diploma de asistencia<\/span><\/li>\n<li><span style=\"font-weight: 400\">Jornadas reconocidas por la Universidad Miguel Hern\u00e1ndez de Elche<\/span><\/li>\n<li><span style=\"font-weight: 400\">Se emitir\u00e1 un certificado a la finalizaci\u00f3n<\/span><\/li>\n<li><span style=\"font-weight: 400\">Coste: gratuito<\/span><\/li>\n<li><span style=\"font-weight: 400\">Plazas limitadas<\/span><\/li>\n<\/ol>\n<h3><strong>Inscripci\u00f3n<\/strong><\/h3>\n<p><strong><a href=\"https:\/\/universite.umh.es\/fpogestion\/aspx\/Preinscripcion\/Preinscripcion.aspx\">Enlace de inscripci\u00f3n a las I Jornadas Trabajo, Recursos Humanos y Salud.<\/a><\/strong><\/p>\n<p><a href=\"https:\/\/master-rrhh-umh.es\/wp-content\/uploads\/2021\/10\/PROGRAMA-III-JORNADAS.pdf\">PROGRAMA.<\/a><\/p>\n<\/div>\n<\/div>\n<\/div>\n<\/div>\n<\/div>\n<\/div>\n<\/div>\n<\/div>\n<\/section>\n<\/div>\n<\/div>\n<\/div>\n<p>[\/et_pb_text][et_pb_button _builder_version=&#8221;4.2.2&#8243; hover_enabled=&#8221;0&#8243;][\/et_pb_button][\/et_pb_column][\/et_pb_row][\/et_pb_section]<\/p>\n","protected":false},"excerpt":{"rendered":"<p>III de Jornadas Trabajo, Recursos Humanos y Salud Jornadas de Trabajo, Recursos Humanos &amp; Salud Las III Jornadas de Trabajo, Recursos Humanos y Salud. Internacionalizaci\u00f3n: Estrat\u00e9gias para la Gesti\u00f3n de Personas\u00a0se enmarcan dentro de una iniciativa para acercar a los profesionales y al alumnado a las realidades de las organizaciones desde el punto de vista [&hellip;]<\/p>\n","protected":false},"author":3735,"featured_media":6319,"comment_status":"closed","ping_status":"open","sticky":false,"template":"","format":"standard","meta":{"_et_pb_use_builder":"on","_et_pb_old_content":"","_et_gb_content_width":"","_links_to":"","_links_to_target":""},"categories":[1242,164],"tags":[164,3742,61,1373],"_links":{"self":[{"href":"https:\/\/catedratrabajorecursoshumanosysalud.umh.es\/ca\/wp-json\/wp\/v2\/posts\/6313"}],"collection":[{"href":"https:\/\/catedratrabajorecursoshumanosysalud.umh.es\/ca\/wp-json\/wp\/v2\/posts"}],"about":[{"href":"https:\/\/catedratrabajorecursoshumanosysalud.umh.es\/ca\/wp-json\/wp\/v2\/types\/post"}],"author":[{"embeddable":true,"href":"https:\/\/catedratrabajorecursoshumanosysalud.umh.es\/ca\/wp-json\/wp\/v2\/users\/3735"}],"replies":[{"embeddable":true,"href":"https:\/\/catedratrabajorecursoshumanosysalud.umh.es\/ca\/wp-json\/wp\/v2\/comments?post=6313"}],"version-history":[{"count":0,"href":"https:\/\/catedratrabajorecursoshumanosysalud.umh.es\/ca\/wp-json\/wp\/v2\/posts\/6313\/revisions"}],"wp:featuredmedia":[{"embeddable":true,"href":"https:\/\/catedratrabajorecursoshumanosysalud.umh.es\/ca\/wp-json\/wp\/v2\/media\/6319"}],"wp:attachment":[{"href":"https:\/\/catedratrabajorecursoshumanosysalud.umh.es\/ca\/wp-json\/wp\/v2\/media?parent=6313"}],"wp:term":[{"taxonomy":"category","embeddable":true,"href":"https:\/\/catedratrabajorecursoshumanosysalud.umh.es\/ca\/wp-json\/wp\/v2\/categories?post=6313"},{"taxonomy":"post_tag","embeddable":true,"href":"https:\/\/catedratrabajorecursoshumanosysalud.umh.es\/ca\/wp-json\/wp\/v2\/tags?post=6313"}],"curies":[{"name":"wp","href":"https:\/\/api.w.org\/{rel}","templated":true}]}}