{"id":7012,"date":"2022-03-14T13:21:21","date_gmt":"2022-03-14T12:21:21","guid":{"rendered":"https:\/\/catedratrabajorecursoshumanosysalud.umh.es\/?p=7012"},"modified":"2022-05-11T13:56:46","modified_gmt":"2022-05-11T11:56:46","slug":"iv-jornadas-de-trabajo-recursos-humanos-y-salud","status":"publish","type":"post","link":"https:\/\/catedratrabajorecursoshumanosysalud.umh.es\/ca\/iv-jornadas-de-trabajo-recursos-humanos-y-salud\/","title":{"rendered":"<span lang=\"es\">(Espa\u00f1ol) IV Jornadas de Trabajo, Recursos Humanos y Salud<\/span>"},"content":{"rendered":"<p>[et_pb_section fb_built=&#8221;1&#8243; _builder_version=&#8221;4.2.2&#8243;][et_pb_row _builder_version=&#8221;4.2.2&#8243;][et_pb_column type=&#8221;4_4&#8243; _builder_version=&#8221;4.2.2&#8243;][et_pb_text _builder_version=&#8221;4.2.2&#8243;]<\/p>\n<p>&#8220;<\/p>\n<header class=\"entry-header\">\n<h1 class=\"entry-title\">IV Jornadas de Jornadas Trabajo, Recursos Humanos y Salud<\/h1>\n<\/header>\n<div class=\"elementor elementor-2479\" data-elementor-type=\"wp-page\" data-elementor-id=\"2479\" data-elementor-settings=\"[]\">\n<div class=\"elementor-inner\">\n<div class=\"elementor-section-wrap\">\n<section class=\"elementor-section elementor-top-section elementor-element elementor-element-d9d8c69 elementor-section-boxed elementor-section-height-default elementor-section-height-default\" data-id=\"d9d8c69\">\n<div class=\"elementor-container elementor-column-gap-default\">\n<div class=\"elementor-row\">\n<div class=\"elementor-column elementor-col-100 elementor-top-column elementor-element elementor-element-5a5d57f\" data-id=\"5a5d57f\">\n<div class=\"elementor-column-wrap elementor-element-populated\">\n<div class=\"elementor-widget-wrap\">\n<div class=\"elementor-element elementor-element-474ac58 elementor-widget elementor-widget-text-editor\" data-id=\"474ac58\">\n<div class=\"elementor-widget-container\">\n<div class=\"elementor-text-editor elementor-clearfix\">\n<p>Las\u00a0<b>IV Jornadas de Trabajo, Recursos Humanos y Salud. <\/b><i><b>Aspectos pr\u00e1cticos de la prevenci\u00f3n de riesgos laborales en la gesti\u00f3n de la empresa<\/b><\/i> se enmarcan dentro de una iniciativa para acercar a los profesionales y al alumnado a las realidades de la prevenci\u00f3n de riesgos laborales desde el punto de vista de las personas que trabajan a diario en este campo con una especial dedicaci\u00f3n a temas de salud ocupacional.<\/p>\n<p>El ciclo de <strong>Jornadas de Trabajo, Recursos Humanos y Salud<\/strong> es una actividad organizada conjuntamente por la <a href=\"..\/\">C\u00e1tedra de Trabajo, Recursos Humanos y Salud<\/a> y el <a href=\"http:\/\/master-rrhh.umh.es\/\">M\u00e1ster Universitario en Gesti\u00f3n de Recursos Humanos, Trabajo y Organizaciones<\/a>\u00a0ambos de la <a href=\"https:\/\/www.umh.es\/?lang=ES\">Universidad Miguel Hern\u00e1ndez<\/a> con el fin de reflexionar sobre el papel, cada d\u00eda m\u00e1s importante, de la aplicaci\u00f3n y fusi\u00f3n de los conocimientos adquiridos en las \u00e1reas de salud y gesti\u00f3n del trabajo y los recursos humanos en las organizaciones, en la b\u00fasqueda permanente de unas \u00f3ptimas y productivas relaciones y bienestar laboral de los empleados.<\/p>\n<p>Las IV jornadas se centrar\u00e1n en la prevenci\u00f3n de riesgos laborales. Los departamentos de gesti\u00f3n de riesgos laborales son el punto clave en la gesti\u00f3n de la seguridad en la empresa. Es importante que la empresa defina qu\u00e9 quiere cuidar y que los y las profesionales de prevenci\u00f3n de riesgos laborales se formen de manera continua en este campo para ofrecer soluciones actuales, reales y en consonancia con las necesidades de los trabajadores y las trabajadoras. En este caso contaremos con la visi\u00f3n de expertos espa\u00f1oles.<\/p>\n<\/div>\n<\/div>\n<\/div>\n<\/div>\n<\/div>\n<\/div>\n<\/div>\n<\/div>\n<\/section>\n<\/div>\n<\/div>\n<\/div>\n<p>[\/et_pb_text][et_pb_button button_url=&#8221;https:\/\/forms.gle\/yTLbtg5H3AQUNH6A7&#8243; button_text=&#8221;INSCRIPCIONES&#8221; _builder_version=&#8221;4.2.2&#8243;][\/et_pb_button][et_pb_button button_url=&#8221;https:\/\/drive.google.com\/file\/d\/1LaNjFtQbKajNLl2zWnQf8QnGtrHpPy5k\/view?usp=sharing&#8221; url_new_window=&#8221;on&#8221; button_text=&#8221;PROGRAMA&#8221; _builder_version=&#8221;4.2.2&#8243;][\/et_pb_button][et_pb_text _builder_version=&#8221;4.2.2&#8243;]<\/p>\n<p>Las <strong><b>IV Jornadas de Trabajo, Recursos Humanos y Salud<\/b>, <\/strong>de car\u00e1cter virtual, se desarrollar\u00e1n durante 3 d\u00edas en los meses de marzo y abril bajo el lema \u201c<strong><i><b>Aspectos pr\u00e1cticos de la prevenci\u00f3n de riesgos laborales en la gesti\u00f3n de la empresa<\/b><\/i><\/strong>\u201d. En las \u00faltimas ediciones ha dado buen resultado la f\u00f3rmula que combina parte te\u00f3rica y pr\u00e1ctica, por lo tanto se mantendr\u00e1. Este evento da continuidad a la iniciativa de la C\u00e1tedra de Trabajo, Organizaciones y Recursos Humanos de poner en valor la importancia de las personas y la salud en la gesti\u00f3n del trabajo y los recursos humanos en las organizaciones y, del m\u00e1ster Universitario en Gesti\u00f3n de Recursos Humanos, Trabajo y Organizaciones en su acciones docentes programadas de prevenci\u00f3n de riesgos laborales.<\/p>\n<p>Est\u00e1 dirigido tanto a estudiantes como a profesionales interesados en la Gesti\u00f3n de Recursos Humanos y Salud Ocupacional en las organizaciones con el objetivo ayudarles a comprender las problem\u00e1ticas a las que se enfrentan en la convergencia de relaciones laborales y la salud y el bienestar de sus trabajadores y trabajadoras en sus organizaciones.<\/p>\n<h3><strong>Descripci\u00f3n<\/strong><\/h3>\n<ul>\n<li>Fechas: 28 de marzo, 4 y 6 de abril de 2022.<\/li>\n<li>Lugar: Google Meet.<\/li>\n<li>Precio: Gratuito.<\/li>\n<li>Duraci\u00f3n: 3 sesiones, horario entre las 18 a 21.30 h.<\/li>\n<li>Reconocimiento de cr\u00e9ditos por la Universidad Miguel Hern\u00e1ndez: 0,5 cr\u00e9ditos ECTS<\/li>\n<li>Programa (enlace)<\/li>\n<\/ul>\n<h3><strong>Organizadores<\/strong><\/h3>\n<p><a href=\"http:\/\/master-rrhh.umh.es\/\"><em>MARHTO<\/em><\/a> (M\u00e1ster universitario en Gesti\u00f3n de Recursos Humanos, Trabajo y Organizaciones) y <a href=\"..\/\"><em>C\u00e1tedra Trabajo, Recursos Humanos y Salud<\/em><\/a> de la Universidad Miguel Hern\u00e1ndez de Elche.<\/p>\n<p><img loading=\"lazy\" src=\"https:\/\/master-rrhh-umh.es\/wp-content\/uploads\/2021\/02\/MARHTO-CATEDRA-UMH-COMBINADO-300x67.png\" alt=\"Logo MARHTO CATEDRA Trabajo Recursos Humanos y Salud UMH\" width=\"300\" height=\"67\" data-lazy-loaded=\"true\" \/><\/p>\n<h3><strong>Contacto<\/strong><\/h3>\n<p>Coordinador de las Jornadas: \u00c1ngel Solanes<\/p>\n<p>Secretar\u00eda: master-rrhh@umh.es<\/p>\n<p>&nbsp;<\/p>\n<h3><strong>Participaci\u00f3n en las jornadas<\/strong><\/h3>\n<ol>\n<li>Se requiere inscripci\u00f3n para participar en las jornadas. Seleccionar Jornadas<\/li>\n<li>Se contar\u00e1 la asistencia a las Jornadas. Se requiere un m\u00ednimo del 80% para obtener el diploma de asistencia<\/li>\n<li>Jornadas reconocidas por la Universidad Miguel Hern\u00e1ndez de Elche<\/li>\n<li>Se emitir\u00e1 un certificado a la finalizaci\u00f3n<\/li>\n<li>Coste: gratuito<\/li>\n<li>Plazas limitadas<\/li>\n<\/ol>\n<p>[\/et_pb_text][et_pb_image src=&#8221;https:\/\/catedratrabajorecursoshumanosysalud.umh.es\/files\/2022\/03\/Programa-JTRHS-Aspectos-practicos-de-la-prevencion-de-riesgos-laborales-en-la-gestion-de-la-empresa-.pptx.png&#8221; url=&#8221;https:\/\/drive.google.com\/file\/d\/1LaNjFtQbKajNLl2zWnQf8QnGtrHpPy5k\/view?usp=sharing&#8221; _builder_version=&#8221;4.2.2&#8243;][\/et_pb_image][\/et_pb_column][\/et_pb_row][\/et_pb_section]<\/p>\n","protected":false},"excerpt":{"rendered":"<p>&#8221; IV Jornadas de Jornadas Trabajo, Recursos Humanos y Salud Las\u00a0IV Jornadas de Trabajo, Recursos Humanos y Salud. Aspectos pr\u00e1cticos de la prevenci\u00f3n de riesgos laborales en la gesti\u00f3n de la empresa se enmarcan dentro de una iniciativa para acercar a los profesionales y al alumnado a las realidades de la prevenci\u00f3n de riesgos laborales [&hellip;]<\/p>\n","protected":false},"author":3735,"featured_media":7042,"comment_status":"open","ping_status":"open","sticky":false,"template":"","format":"standard","meta":{"_et_pb_use_builder":"on","_et_pb_old_content":"","_et_gb_content_width":"","_links_to":"","_links_to_target":""},"categories":[1242,164],"tags":[],"_links":{"self":[{"href":"https:\/\/catedratrabajorecursoshumanosysalud.umh.es\/ca\/wp-json\/wp\/v2\/posts\/7012"}],"collection":[{"href":"https:\/\/catedratrabajorecursoshumanosysalud.umh.es\/ca\/wp-json\/wp\/v2\/posts"}],"about":[{"href":"https:\/\/catedratrabajorecursoshumanosysalud.umh.es\/ca\/wp-json\/wp\/v2\/types\/post"}],"author":[{"embeddable":true,"href":"https:\/\/catedratrabajorecursoshumanosysalud.umh.es\/ca\/wp-json\/wp\/v2\/users\/3735"}],"replies":[{"embeddable":true,"href":"https:\/\/catedratrabajorecursoshumanosysalud.umh.es\/ca\/wp-json\/wp\/v2\/comments?post=7012"}],"version-history":[{"count":0,"href":"https:\/\/catedratrabajorecursoshumanosysalud.umh.es\/ca\/wp-json\/wp\/v2\/posts\/7012\/revisions"}],"wp:featuredmedia":[{"embeddable":true,"href":"https:\/\/catedratrabajorecursoshumanosysalud.umh.es\/ca\/wp-json\/wp\/v2\/media\/7042"}],"wp:attachment":[{"href":"https:\/\/catedratrabajorecursoshumanosysalud.umh.es\/ca\/wp-json\/wp\/v2\/media?parent=7012"}],"wp:term":[{"taxonomy":"category","embeddable":true,"href":"https:\/\/catedratrabajorecursoshumanosysalud.umh.es\/ca\/wp-json\/wp\/v2\/categories?post=7012"},{"taxonomy":"post_tag","embeddable":true,"href":"https:\/\/catedratrabajorecursoshumanosysalud.umh.es\/ca\/wp-json\/wp\/v2\/tags?post=7012"}],"curies":[{"name":"wp","href":"https:\/\/api.w.org\/{rel}","templated":true}]}}