{"id":8111,"date":"2022-09-26T10:18:10","date_gmt":"2022-09-26T08:18:10","guid":{"rendered":"https:\/\/catedratrabajorecursoshumanosysalud.umh.es\/?p=8111"},"modified":"2023-01-09T09:53:24","modified_gmt":"2023-01-09T08:53:24","slug":"i-jornadas-de-transformacion-digital-de-las-organizaciones-en-el-ambito-de-la-salud-ocupacional","status":"publish","type":"post","link":"https:\/\/catedratrabajorecursoshumanosysalud.umh.es\/ca\/i-jornadas-de-transformacion-digital-de-las-organizaciones-en-el-ambito-de-la-salud-ocupacional\/","title":{"rendered":"<span lang=\"es\">(Espa\u00f1ol) I JORNADAS DE TRANSFORMACI\u00d3N DIGITAL DE LAS ORGANIZACIONES EN EL \u00c1MBITO DE LA SALUD OCUPACIONAL<\/span>"},"content":{"rendered":"<p>[et_pb_section fb_built=&#8221;1&#8243; _builder_version=&#8221;4.17.4&#8243; _module_preset=&#8221;default&#8221; global_colors_info=&#8221;{}&#8221;][et_pb_row _builder_version=&#8221;4.17.4&#8243; _module_preset=&#8221;default&#8221; global_colors_info=&#8221;{}&#8221;][et_pb_column type=&#8221;4_4&#8243; _builder_version=&#8221;4.17.4&#8243; _module_preset=&#8221;default&#8221; global_colors_info=&#8221;{}&#8221;][et_pb_text _builder_version=&#8221;4.17.4&#8243; _module_preset=&#8221;default&#8221; global_colors_info=&#8221;{}&#8221;]<\/p>\n<div>El pr\u00f3ximo 20 de octubre en Relleu tendr\u00e1n lugar las I Jornadas de<b> transformaci\u00f3n digital de las Organizaciones en el ambito de la Salud Ocupacional<\/b>. Durante este encuentro se hablar\u00e1 de digitalizaci\u00f3n en el \u00e1mbito de los recursos humanos, la salud ocupacional y la prevenci\u00f3n de riesgos laborales para pobraciones del interior de la provincia de Alicante.<\/div>\n<div>\u00a0<\/div>\n<div>Este evento basado en la transferencia de conocimientos entre los profesionales, la universidad y las administraciones est\u00e1 dirigido principalmente a profesionales de los recursos humanos y la gesti\u00f3n de las personas en las organizaciones.<\/div>\n<p>Programa presencial: I JORNADAS DE TRANSFORMACI\u00d3N DIGITAL DE LAS ORGANIZACIONES EN EL \u00c1MBITO DE LA SALUD OCUPACIONAL<\/p>\n<p>8:30 Recogida de los asistentes y traslado. (<i>Salidas desde Alicante y Elche)<\/i><\/p>\n<p>10:00 Apertura de la sesi\u00f3n:<\/p>\n<blockquote>\n<p>\u00c1ngel Solanes Puchol. <i>Director de la C\u00e1tedra de Trabajo, Recursos Humanos y Salud (UMH)<\/i><\/p>\n<p>Lino Antonio Pascual Carbonell. <i>Alcalde de Relleu<\/i><\/p>\n<\/blockquote>\n<p>10:15 Conferencia: <b><i>\u00bfLa digi qu\u00e9?<\/i><\/b><\/p>\n<blockquote>\n<p>Nacho Rodrigo Mateo. <i>Co-founder Nivimu<\/i><\/p>\n<\/blockquote>\n<p>11:00 Pausa-caf\u00e9<\/p>\n<p>11:30 Mesa Redonda: <b><i>Transformaci\u00f3n digital en la gesti\u00f3n de personas en el interior de la provincia<\/i><\/b><\/p>\n<blockquote>\n<p><i>Alfonso Nieto. <\/i><i>Dtor. de Organizaci\u00f3n Valmesa<\/i><\/p>\n<p><i>Hugo Quintanilla. <\/i><i>Gerente Se\u00f1or\u00edos de Relleu<\/i><\/p>\n<p><em>Mar\u00eda Jos\u00e9 Sarri\u00f3n. Relaciones Laborales y Administraci\u00f3n de Personal del Grupo IMED<\/em><\/p>\n<\/blockquote>\n<p><em>Modera: Yordhana G\u00f3mez<\/em><\/p>\n<p>12:15 Presentaci\u00f3n de las propuestas de los alumnos de la Hackathon.<\/p>\n<p>12:45 Visita a Relleu (<i>Itinerario a escoger<\/i>)<\/p>\n<p>14:30 Entrega de premios y hoja de ruta<\/p>\n<p>15:00 Comida en Relleu<\/p>\n<p>16:45 Regreso en los autobuses<\/p>\n<p>Organiza el grupo de investigaci\u00f3n Salud Ocupacional de la Universidad Miguel Hern\u00e1ndez de Elche, con la colaboraci\u00f3n del Ayuntamiento de Relleu y la C\u00e1tedra de Trabajo, Recursos Humanos y Salud. Patrocina la Diputaci\u00f3n de Alicante en su programa CENID.<\/p>\n<p>[\/et_pb_text][et_pb_button button_url=&#8221;https:\/\/catedratrabajorecursoshumanosysalud.umh.es\/digitalizacion-salud-ocupacional-hoja-de-ruta\/&#8221; url_new_window=&#8221;on&#8221; button_text=&#8221;HOJA DE RUTA&#8221; _builder_version=&#8221;4.17.4&#8243; _module_preset=&#8221;default&#8221; hover_enabled=&#8221;0&#8243; global_colors_info=&#8221;{}&#8221; sticky_enabled=&#8221;0&#8243;][\/et_pb_button][et_pb_button button_url=&#8221;https:\/\/catedratrabajorecursoshumanosysalud.umh.es\/eventos-2022\/#TRANSFORMACIONDIGITAL&#8221; url_new_window=&#8221;on&#8221; button_text=&#8221;GALER\u00cdA DE IM\u00c1GENES&#8221; _builder_version=&#8221;4.17.4&#8243; _module_preset=&#8221;default&#8221; global_colors_info=&#8221;{}&#8221;][\/et_pb_button][et_pb_image src=&#8221;https:\/\/catedratrabajorecursoshumanosysalud.umh.es\/files\/2022\/09\/ENCUENTRO-TRANSFORMACION-DIGITAL3.png&#8221; title_text=&#8221;ENCUENTRO TRANSFORMACION DIGITAL(3)&#8221; _builder_version=&#8221;4.17.4&#8243; _module_preset=&#8221;default&#8221; global_colors_info=&#8221;{}&#8221;][\/et_pb_image][et_pb_image src=&#8221;https:\/\/catedratrabajorecursoshumanosysalud.umh.es\/files\/2022\/09\/CENID-LOGO-300&#215;90.png&#8221; title_text=&#8221;CENID LOGO&#8221; _builder_version=&#8221;4.17.4&#8243; _module_preset=&#8221;default&#8221; hover_enabled=&#8221;0&#8243; global_colors_info=&#8221;{}&#8221; align=&#8221;center&#8221; sticky_enabled=&#8221;0&#8243;][\/et_pb_image][et_pb_button button_url=&#8221;https:\/\/catedratrabajorecursoshumanosysalud.umh.es\/files\/2022\/09\/J-TRANSF-DIGITAL-SALUD-ONLINE.pdf&#8221; url_new_window=&#8221;on&#8221; button_text=&#8221;PROGRAMA PDF&#8221; _builder_version=&#8221;4.17.4&#8243; _module_preset=&#8221;default&#8221; global_colors_info=&#8221;{}&#8221;][\/et_pb_button][et_pb_video src=&#8221;https:\/\/www.youtube.com\/watch?v=AB9a7XT1yBw&#8221; _builder_version=&#8221;4.17.4&#8243; _module_preset=&#8221;default&#8221; global_colors_info=&#8221;{}&#8221;][\/et_pb_video][\/et_pb_column][\/et_pb_row][\/et_pb_section]<\/p>\n","protected":false},"excerpt":{"rendered":"<p>El pr\u00f3ximo 20 de octubre en Relleu tendr\u00e1n lugar las I Jornadas de transformaci\u00f3n digital de las Organizaciones en el ambito de la Salud Ocupacional. Durante este encuentro se hablar\u00e1 de digitalizaci\u00f3n en el \u00e1mbito de los recursos humanos, la salud ocupacional y la prevenci\u00f3n de riesgos laborales para pobraciones del interior de la provincia [&hellip;]<\/p>\n","protected":false},"author":3735,"featured_media":8120,"comment_status":"open","ping_status":"open","sticky":false,"template":"","format":"standard","meta":{"_et_pb_use_builder":"on","_et_pb_old_content":"","_et_gb_content_width":"","_links_to":"","_links_to_target":""},"categories":[1242,164],"tags":[],"_links":{"self":[{"href":"https:\/\/catedratrabajorecursoshumanosysalud.umh.es\/ca\/wp-json\/wp\/v2\/posts\/8111"}],"collection":[{"href":"https:\/\/catedratrabajorecursoshumanosysalud.umh.es\/ca\/wp-json\/wp\/v2\/posts"}],"about":[{"href":"https:\/\/catedratrabajorecursoshumanosysalud.umh.es\/ca\/wp-json\/wp\/v2\/types\/post"}],"author":[{"embeddable":true,"href":"https:\/\/catedratrabajorecursoshumanosysalud.umh.es\/ca\/wp-json\/wp\/v2\/users\/3735"}],"replies":[{"embeddable":true,"href":"https:\/\/catedratrabajorecursoshumanosysalud.umh.es\/ca\/wp-json\/wp\/v2\/comments?post=8111"}],"version-history":[{"count":0,"href":"https:\/\/catedratrabajorecursoshumanosysalud.umh.es\/ca\/wp-json\/wp\/v2\/posts\/8111\/revisions"}],"wp:featuredmedia":[{"embeddable":true,"href":"https:\/\/catedratrabajorecursoshumanosysalud.umh.es\/ca\/wp-json\/wp\/v2\/media\/8120"}],"wp:attachment":[{"href":"https:\/\/catedratrabajorecursoshumanosysalud.umh.es\/ca\/wp-json\/wp\/v2\/media?parent=8111"}],"wp:term":[{"taxonomy":"category","embeddable":true,"href":"https:\/\/catedratrabajorecursoshumanosysalud.umh.es\/ca\/wp-json\/wp\/v2\/categories?post=8111"},{"taxonomy":"post_tag","embeddable":true,"href":"https:\/\/catedratrabajorecursoshumanosysalud.umh.es\/ca\/wp-json\/wp\/v2\/tags?post=8111"}],"curies":[{"name":"wp","href":"https:\/\/api.w.org\/{rel}","templated":true}]}}