{"id":2303,"date":"2021-02-26T09:00:25","date_gmt":"2021-02-26T08:00:25","guid":{"rendered":"https:\/\/catedratrabajorecursoshumanosysalud.umh.es\/?p=2303"},"modified":"2022-05-11T14:00:20","modified_gmt":"2022-05-11T12:00:20","slug":"ii-de-jornadas-trabajo-recursos-humanos-y-salud","status":"publish","type":"post","link":"https:\/\/catedratrabajorecursoshumanosysalud.umh.es\/en\/ii-de-jornadas-trabajo-recursos-humanos-y-salud\/","title":{"rendered":"<span lang=\"es\">(Espa\u00f1ol) II de Jornadas Trabajo, Recursos Humanos y Salud<\/span>"},"content":{"rendered":"<p>[et_pb_section fb_built=&#8221;1&#8243; _builder_version=&#8221;4.2.2&#8243;][et_pb_row _builder_version=&#8221;4.2.2&#8243;][et_pb_column _builder_version=&#8221;4.2.2&#8243; type=&#8221;4_4&#8243;][et_pb_button _builder_version=&#8221;4.2.2&#8243; button_text=&#8221;LISTA DE REPRODUCCI\u00d3N DE LAS JORNADAS&#8221; hover_enabled=&#8221;0&#8243; button_url=&#8221;https:\/\/www.youtube.com\/watch?v=I81AeR0XfN0&amp;list=PLbsZkueJgMDo2ZldYW0DQjYcXO9ajs-xf&#8221; url_new_window=&#8221;on&#8221;][\/et_pb_button][et_pb_text _builder_version=&#8221;4.2.2&#8243; hover_enabled=&#8221;0&#8243;]<\/p>\n<p>Las <b>II<\/b><b> Jornadas de Trabajo, Recursos Humanos y Salud. <\/b><b><i>Internacionalizaci\u00f3n: qu\u00e9 hacemos en Psicolog\u00eda del Trabajo, Organizaciones y Recursos Humanos<\/i><\/b> se enmarcan dentro de una iniciativa para acercar a los profesionales y al alumnado a las realidades de las organizaciones desde el punto de vista de las personas que investigan y trabajan a diario en la convergencia de los campos de salud, psicolog\u00eda del trabajo y de las organizaciones, la gesti\u00f3n del trabajo y las relaciones laborales y los recursos humanos.<\/p>\n<p><img loading=\"lazy\" class=\"aligncenter size-large wp-image-2305\" src=\"https:\/\/catedratrabajorecursoshumanosysalud.umh.es\/files\/2021\/02\/JORNADAS-Psicologia-RRHH-INTERNACIONALIZACION-725x1024.png\" alt=\"\" width=\"725\" height=\"1024\" srcset=\"https:\/\/catedratrabajorecursoshumanosysalud.umh.es\/files\/2021\/02\/JORNADAS-Psicologia-RRHH-INTERNACIONALIZACION-725x1024.png 725w, https:\/\/catedratrabajorecursoshumanosysalud.umh.es\/files\/2021\/02\/JORNADAS-Psicologia-RRHH-INTERNACIONALIZACION-480x678.png 480w\" sizes=\"(min-width: 0px) and (max-width: 480px) 480px, (min-width: 481px) 725px, 100vw\" \/><\/p>\n<p>El ciclo de <strong>Jornadas de Trabajo, Recursos Humanos y Salud<\/strong> es una actividad organizada conjuntamente por la <a href=\"https:\/\/catedratrabajorecursoshumanosysalud.umh.es\/\">C\u00e1tedra de Trabajo, Recursos Humanos y Salud<\/a> y el <a href=\"http:\/\/master-rrhh.umh.es\/\">M\u00e1ster Universitario en Gesti\u00f3n de Recursos Humanos, Trabajo y Organizaciones<\/a>\u00a0ambos de la <a href=\"https:\/\/www.umh.es\/?lang=ES\">Universidad Miguel Hern\u00e1ndez<\/a> con el fin de reflexionar sobre el papel, cada d\u00eda m\u00e1s importante, de la aplicaci\u00f3n y fusi\u00f3n de los conocimientos adquiridos en las \u00e1reas de salud y gesti\u00f3n del trabajo y los recursos humanos en las organizaciones, en la b\u00fasqueda permanente de unas \u00f3ptimas y productivas relaciones y bienestar laboral de los empleados.<\/p>\n<p>Las II jornadas se centrar\u00e1n en la internacionalizaci\u00f3n de estos aspectos. En este caso contaremos con la visi\u00f3n de expertos de Am\u00e9rica Latina y Europa sobre las tareas y funciones de la Psicolog\u00eda del Trabajo, las Organizaciones y los Recursos Humanos en diferentes pa\u00edses.<\/p>\n<h2><b>II<\/b><b> Jornadas de Trabajo, Recursos Humanos y Salud<\/b>.<\/h2>\n<h2><i>Internacionalizaci\u00f3n: qu\u00e9 hacemos en Psicolog\u00eda del Trabajo, Organizaciones y Recursos Humanos.<\/i><\/h2>\n<p>Las <b>II Jornadas de Trabajo, Recursos Humanos y Salud, <\/b>de car\u00e1cter virtual, se desarrollar\u00e1n entre los meses de marzo y mayo bajo el lema \u201c<b>Internacionalizaci\u00f3n: qu\u00e9 hacemos en Psicolog\u00eda del Trabajo, Organizaciones y Recursos Humanos<\/b>\u201d, este evento da continuidad a la iniciativa de la C\u00e1tedra de Trabajo, Organizaciones y Recursos Humanos de poner en valor la importancia de las personas y la salud en la gesti\u00f3n del trabajo y los recursos humanos en las organizaciones de distintos pa\u00edses y del m\u00e1ster Universitario en Gesti\u00f3n de Recursos Humanos, Trabajo y Organizaciones en su acciones docentes programadas de internacionalizaci\u00f3n.<\/p>\n<p>Est\u00e1 dirigido tanto a estudiantes como a profesionales interesados en la Gesti\u00f3n de Recursos Humanos y Salud Ocupacional en las organizaciones con el objetivo ayudarles a comprender las problem\u00e1ticas a las que se enfrentan en la convergencia de relaciones laborales y la salud y el bienestar de sus trabajadores y trabajadoras en sus organizaciones.<\/p>\n<h3><b>Descripci\u00f3n<\/b><\/h3>\n<ul>\n<li>Fechas: 9 y 11 de marzo, 4, 11 y 18 de mayo de 2021.<\/li>\n<li>Lugar: Google Meet.<\/li>\n<li>Precio: Gratuito.<\/li>\n<li>Duraci\u00f3n: 5 sesiones, horario entre las 18 a 20 h., con 2 seminarios de 1 hora (aprox) en cada sesi\u00f3n.<\/li>\n<li>Reconocimiento de cr\u00e9ditos por la Universidad Miguel Hern\u00e1ndez: 0,5 cr\u00e9ditos ECTS<\/li>\n<li><a href=\"https:\/\/master-rrhh-umh.es\/wp-content\/uploads\/2021\/02\/Programa-Jornadas-psicologia-rrhh-Internacionalizacion.pdf\">Programa (enlace)<\/a><\/li>\n<\/ul>\n<h3><b>Organizadores<\/b><\/h3>\n<p><a href=\"http:\/\/master-rrhh.umh.es\/\"><i>MARHTO<\/i><\/a> (M\u00e1ster universitario en Gesti\u00f3n de Recursos Humanos, Trabajo y Organizaciones) y <a href=\"https:\/\/catedratrabajorecursoshumanosysalud.umh.es\/\"><i>C\u00e1tedra Trabajo, Recursos Humanos y Salud<\/i><\/a> de la Universidad Miguel Hern\u00e1ndez de Elche.<\/p>\n<p><img loading=\"lazy\" src=\"https:\/\/master-rrhh-umh.es\/wp-content\/uploads\/2021\/02\/MARHTO-CATEDRA-UMH-COMBINADO-300x67.png\" alt=\"Logo MARHTO CATEDRA Trabajo Recursos Humanos y Salud UMH\" width=\"300\" height=\"67\" data-lazy-loaded=\"true\" \/><\/p>\n<h3><b>Contacto<\/b><\/h3>\n<p>Coordinador de las Jornadas: \u00c1ngel Solanes<\/p>\n<p>Secretar\u00eda: master-rrhh@umh.es<\/p>\n<h3><b>Participaci\u00f3n en las jornadas<\/b><\/h3>\n<ol>\n<li>Se requiere <a href=\"https:\/\/forms.gle\/JejKhiv5t13AAHfk6\">inscripci\u00f3n<\/a> para participar en las jornadas. El enlace se encuentra a continuaci\u00f3n<\/li>\n<li>Se contar\u00e1 la asistencia a las Jornadas. Se requiere un m\u00ednimo del 80% para obtener el diploma de asistencia<\/li>\n<li>Jornadas reconocidas por la Universidad Miguel Hern\u00e1ndez de Elche<\/li>\n<li>Se emitir\u00e1 un certificado a la finalizaci\u00f3n<\/li>\n<li>Coste: gratuito<\/li>\n<li>Plazas limitadas<\/li>\n<\/ol>\n<h3><b>Inscripci\u00f3n<\/b><\/h3>\n<p>Enlace de <a href=\"https:\/\/forms.gle\/JejKhiv5t13AAHfk6\">inscripci\u00f3n a las I Jornadas Trabajo, Recursos Humanos y Salud<\/a>.<\/p>\n<p>[\/et_pb_text][\/et_pb_column][\/et_pb_row][\/et_pb_section]<\/p>\n","protected":false},"excerpt":{"rendered":"<p>Las II Jornadas de Trabajo, Recursos Humanos y Salud. Internacionalizaci\u00f3n: qu\u00e9 hacemos en Psicolog\u00eda del Trabajo, Organizaciones y Recursos Humanos se enmarcan dentro de una iniciativa para acercar a los profesionales y al alumnado a las realidades de las organizaciones desde el punto de vista de las personas que investigan y trabajan a diario en [&hellip;]<\/p>\n","protected":false},"author":3735,"featured_media":2180,"comment_status":"closed","ping_status":"closed","sticky":false,"template":"","format":"standard","meta":{"_et_pb_use_builder":"on","_et_pb_old_content":"","_et_gb_content_width":"","_links_to":"","_links_to_target":""},"categories":[1242,164],"tags":[],"_links":{"self":[{"href":"https:\/\/catedratrabajorecursoshumanosysalud.umh.es\/en\/wp-json\/wp\/v2\/posts\/2303"}],"collection":[{"href":"https:\/\/catedratrabajorecursoshumanosysalud.umh.es\/en\/wp-json\/wp\/v2\/posts"}],"about":[{"href":"https:\/\/catedratrabajorecursoshumanosysalud.umh.es\/en\/wp-json\/wp\/v2\/types\/post"}],"author":[{"embeddable":true,"href":"https:\/\/catedratrabajorecursoshumanosysalud.umh.es\/en\/wp-json\/wp\/v2\/users\/3735"}],"replies":[{"embeddable":true,"href":"https:\/\/catedratrabajorecursoshumanosysalud.umh.es\/en\/wp-json\/wp\/v2\/comments?post=2303"}],"version-history":[{"count":0,"href":"https:\/\/catedratrabajorecursoshumanosysalud.umh.es\/en\/wp-json\/wp\/v2\/posts\/2303\/revisions"}],"wp:featuredmedia":[{"embeddable":true,"href":"https:\/\/catedratrabajorecursoshumanosysalud.umh.es\/en\/wp-json\/wp\/v2\/media\/2180"}],"wp:attachment":[{"href":"https:\/\/catedratrabajorecursoshumanosysalud.umh.es\/en\/wp-json\/wp\/v2\/media?parent=2303"}],"wp:term":[{"taxonomy":"category","embeddable":true,"href":"https:\/\/catedratrabajorecursoshumanosysalud.umh.es\/en\/wp-json\/wp\/v2\/categories?post=2303"},{"taxonomy":"post_tag","embeddable":true,"href":"https:\/\/catedratrabajorecursoshumanosysalud.umh.es\/en\/wp-json\/wp\/v2\/tags?post=2303"}],"curies":[{"name":"wp","href":"https:\/\/api.w.org\/{rel}","templated":true}]}}