{"id":6322,"date":"2021-10-18T12:53:52","date_gmt":"2021-10-18T10:53:52","guid":{"rendered":"https:\/\/catedratrabajorecursoshumanosysalud.umh.es\/?p=6322"},"modified":"2023-06-13T14:42:28","modified_gmt":"2023-06-13T12:42:28","slug":"presentacion-oficial-catedra-de-trabajo-recursos-humanos-y-salud","status":"publish","type":"post","link":"https:\/\/catedratrabajorecursoshumanosysalud.umh.es\/en\/presentacion-oficial-catedra-de-trabajo-recursos-humanos-y-salud\/","title":{"rendered":"Presentaci\u00f3n Oficial C\u00e1tedra de Trabajo, Recursos Humanos y Salud"},"content":{"rendered":"<p>[et_pb_section fb_built=&#8221;1&#8243; _builder_version=&#8221;4.16&#8243; global_colors_info=&#8221;{}&#8221;][et_pb_row _builder_version=&#8221;4.17.4&#8243; global_colors_info=&#8221;{}&#8221;][et_pb_column type=&#8221;4_4&#8243; _builder_version=&#8221;4.16&#8243; global_colors_info=&#8221;{}&#8221;][et_pb_button button_url=&#8221;https:\/\/www.youtube.com\/watch?v=gPAGxmiTU98&amp;list=PLbsZkueJgMDqgF5NITHrMsmVnLmnwSwLr&#8221; button_text=&#8221;LISTA DE REPRODUCCI\u00d3N&#8221; _builder_version=&#8221;4.16&#8243; global_colors_info=&#8221;{}&#8221;][\/et_pb_button][et_pb_button button_url=&#8221;https:\/\/catedratrabajorecursoshumanosysalud.umh.es\/transferencia\/#PRESENTACIONCTRHS&#8221; url_new_window=&#8221;on&#8221; button_text=&#8221;GALER\u00cdA DE FOTOS&#8221; _builder_version=&#8221;4.16&#8243; global_colors_info=&#8221;{}&#8221;][\/et_pb_button][et_pb_text _builder_version=&#8221;4.16&#8243; global_colors_info=&#8221;{}&#8221;]<\/p>\n<p>El pr\u00f3ximo 11 de noviembre de 2021 la C\u00e1tedra de Trabajo, Recursos Humanos y Salud se pone de largo. A las 18:00 tendremos la inauguraci\u00f3n de la c\u00e1tedra en el edificio Arenals.<\/p>\n<p>Tendremos 2 tipos de inscripci\u00f3n Presencial y Online. Se requiere inscripci\u00f3n.<\/p>\n<p><strong>PROGRAMA.<\/strong><\/p>\n<p style=\"padding-left: 40px\">18:00 Presentaci\u00f3n de la c\u00e1tedra.<\/p>\n<p style=\"padding-left: 80px\"><em>Cristina In\u00e9s Mulero Calvo.<\/em><\/p>\n<p style=\"padding-left: 40px\">18:30 Mesa redonda.<\/p>\n<p style=\"padding-left: 80px\"><em>Guzman Mart\u00ednez Gri\u00f1an. Director General de Brandty y CEO en Ingeniero Job<\/em><\/p>\n<p style=\"padding-left: 80px\"><em>Josefa Jim\u00e9nez Bretones. Direcci\u00f3n de Personas y Desarrollo Organizacional en Auxiliar <\/em><em>Conservera y Presidenta de la Asociaci\u00f3n Direcci\u00f3n Humana.<\/em><\/p>\n<p style=\"padding-left: 80px\"><em>Cristina L\u00f3pez-Tello Aroca. HR. Director en Grupo Marjal<\/em><\/p>\n<p style=\"padding-left: 80px\"><em>\u00c1lvaro Bernabeu Torr\u00f3. Director Regional. Director zona Alicante y Murcia en Sanitas<\/em><\/p>\n<p style=\"padding-left: 80px\"><em>Josu\u00e9 Garc\u00eda Bermejo. CEO Nivimu<\/em><\/p>\n<p style=\"padding-left: 80px\"><em>Jos\u00e9 Manuel L\u00f3pez Gand\u00eda. Director de RR.HH. en Finetwork<\/em><\/p>\n<p style=\"padding-left: 80px\"><em>Modera: Ma del Carmen Neipp. Vicerrectora adjunta de Estudios en la UMH<\/em><\/p>\n<p style=\"padding-left: 40px\">19:30 Ponencia:<\/p>\n<p style=\"padding-left: 80px\"><strong>Nathan Consuegra. People Analytics en Telef\u00f3nica.<\/strong><\/p>\n<p style=\"padding-left: 40px\">20:15 Vino de honor. Cafeter\u00eda del Edificio Arenals UMH<\/p>\n<p>[\/et_pb_text][et_pb_video src=&#8221;https:\/\/www.youtube.com\/watch?v=gPAGxmiTU98&amp;list=PLbsZkueJgMDqgF5NITHrMsmVnLmnwSwLr&#8221; _builder_version=&#8221;4.16&#8243; global_colors_info=&#8221;{}&#8221;][\/et_pb_video][et_pb_button button_url=&#8221;https:\/\/forms.gle\/xzPyKDAgjqqhpE7eA&#8221; button_text=&#8221;INSCRIPCIONES AQU\u00cd&#8221; _builder_version=&#8221;4.16&#8243; global_colors_info=&#8221;{}&#8221;][\/et_pb_button][et_pb_text _builder_version=&#8221;4.16&#8243; min_height=&#8221;21px&#8221; global_colors_info=&#8221;{}&#8221;]<\/p>\n<p>Organizan:<\/p>\n<p>[\/et_pb_text][et_pb_image src=&#8221;https:\/\/catedratrabajorecursoshumanosysalud.umh.es\/files\/2023\/06\/Diseno-sin-titulo-5.png&#8221; title_text=&#8221;Dise\u00f1o sin t\u00edtulo-5&#8243; force_fullwidth=&#8221;on&#8221; _builder_version=&#8221;4.17.4&#8243; transform_scale=&#8221;120%|120%&#8221; transform_translate_linked=&#8221;off&#8221; transform_origin=&#8221;51%|218%&#8221; z_index=&#8221;-84&#8243; min_height=&#8221;443px&#8221; height=&#8221;611px&#8221; max_height=&#8221;638px&#8221; custom_margin=&#8221;-20px|-20px|-20px|-20px|true|true&#8221; custom_padding=&#8221;0px|0px|0px|0px|true|true&#8221; animation_style=&#8221;fold&#8221; border_radii=&#8221;on|300px|300px|300px|300px&#8221; global_colors_info=&#8221;{}&#8221;][\/et_pb_image][et_pb_text _builder_version=&#8221;4.17.4&#8243; link_option_url=&#8221;https:\/\/forms.gle\/xzPyKDAgjqqhpE7eA&#8221; global_colors_info=&#8221;{}&#8221;]<\/p>\n<p>Inscripciones aqu\u00ed: <a href=\"https:\/\/forms.gle\/xzPyKDAgjqqhpE7eA\" target=\"_blank\" rel=\"noopener noreferrer\">Enlace al formulario de inscripciones<\/a><\/p>\n<p>[\/et_pb_text][\/et_pb_column][\/et_pb_row][\/et_pb_section][et_pb_section fb_built=&#8221;1&#8243; next_background_color=&#8221;#ffffff&#8221; _builder_version=&#8221;4.17.4&#8243; background_color=&#8221;#000000&#8243; bottom_divider_style=&#8221;none&#8221; global_colors_info=&#8221;{}&#8221;][et_pb_row column_structure=&#8221;1_2,1_4,1_4&#8243; _builder_version=&#8221;4.16&#8243; global_colors_info=&#8221;{}&#8221;][et_pb_column type=&#8221;1_2&#8243; _builder_version=&#8221;4.16&#8243; global_colors_info=&#8221;{}&#8221;][et_pb_image src=&#8221;https:\/\/catedratrabajorecursoshumanosysalud.umh.es\/files\/2021\/07\/Sin-t\u00edtulo.png&#8221; _builder_version=&#8221;4.16&#8243; width=&#8221;46%&#8221; global_colors_info=&#8221;{}&#8221;][\/et_pb_image][et_pb_text _builder_version=&#8221;4.16&#8243; text_text_color=&#8221;#ffffff&#8221; background_layout=&#8221;dark&#8221; global_colors_info=&#8221;{}&#8221;]<\/p>\n<p style=\"text-align: left\"><span style=\"color: #ffffff;font-family: 'Nunito Sans', sans-serif;font-size: 20px;text-align: center\">C\u00e1tedra Trabajo, Recursos Humanos y Salud<\/span><br \/>\n<span style=\"color: #ffffff;font-family: 'Nunito Sans', sans-serif;font-size: medium;text-align: center\">Universidad Miguel Hern\u00e1ndez (Edificio Altamira) Campus de Elche)<\/span><\/p>\n<p>[\/et_pb_text][et_pb_social_media_follow _builder_version=&#8221;4.16&#8243; global_colors_info=&#8221;{}&#8221;][et_pb_social_media_follow_network social_network=&#8221;facebook&#8221; icon_color=&#8221;#000000&#8243; use_icon_font_size=&#8221;on&#8221; _builder_version=&#8221;4.16&#8243; background_color=&#8221;#ffffff&#8221; background_enable_color=&#8221;on&#8221; global_colors_info=&#8221;{}&#8221; follow_button=&#8221;off&#8221; url_new_window=&#8221;on&#8221;]facebook[\/et_pb_social_media_follow_network][et_pb_social_media_follow_network social_network=&#8221;twitter&#8221; use_icon_font_size=&#8221;on&#8221; icon_font_size=&#8221;21px&#8221; _builder_version=&#8221;4.16&#8243; background_color=&#8221;#000000&#8243; background_enable_color=&#8221;on&#8221; global_colors_info=&#8221;{}&#8221; follow_button=&#8221;off&#8221; url_new_window=&#8221;on&#8221;]twitter[\/et_pb_social_media_follow_network][et_pb_social_media_follow_network social_network=&#8221;youtube&#8221; url=&#8221;https:\/\/www.youtube.com\/channel\/UC0TERdbC8GLWONonE6sAwVA&#8221; use_icon_font_size=&#8221;on&#8221; icon_font_size=&#8221;21px&#8221; _builder_version=&#8221;4.16&#8243; background_color=&#8221;#000000&#8243; background_enable_color=&#8221;on&#8221; global_colors_info=&#8221;{}&#8221; follow_button=&#8221;off&#8221; url_new_window=&#8221;on&#8221;]youtube[\/et_pb_social_media_follow_network][et_pb_social_media_follow_network social_network=&#8221;linkedin&#8221; url=&#8221;https:\/\/linkedin.com\/company\/c\u00e1tedra-trabajo-recursos-humanos-salud&#8221; _builder_version=&#8221;4.16&#8243; background_color=&#8221;#007bb6&#8243; global_colors_info=&#8221;{}&#8221; follow_button=&#8221;off&#8221; url_new_window=&#8221;on&#8221;]linkedin[\/et_pb_social_media_follow_network][\/et_pb_social_media_follow][et_pb_text _builder_version=&#8221;4.16&#8243; global_colors_info=&#8221;{}&#8221;]<\/p>\n<h5 style=\"text-align: left\"><span style=\"color: #ffffff\"><strong><a href=\"tel:+34966658634\" style=\"color: #ffffff\"><span class=\"elementor-icon-list-text\">Tlf: (+34) 966 65 86 34<\/span><\/a><\/strong><\/span><\/h5>\n<h5 style=\"text-align: left\"><span style=\"color: #ffffff\"><strong><a href=\"mailto:catedratrhs@umh.es\" style=\"color: #ffffff\"><span class=\"elementor-icon-list-text\">Email: catedraTRHS@umh.es<\/span><\/a><\/strong><\/span><\/h5>\n<h5 style=\"text-align: left\"><span style=\"color: #ffffff\"><strong><a href=\"http:\/\/eepurl.com\/hsWuob\" style=\"color: #ffffff\"><span class=\"elementor-icon-list-text\">Newsletter<\/span><\/a><\/strong><\/span><\/h5>\n<p>[\/et_pb_text][\/et_pb_column][et_pb_column type=&#8221;1_4&#8243; _builder_version=&#8221;4.16&#8243; global_colors_info=&#8221;{}&#8221;][et_pb_menu menu_id=&#8221;367868&#8243; active_link_color=&#8221;#ffffff&#8221; _builder_version=&#8221;4.16&#8243; menu_text_color=&#8221;#ffffff&#8221; menu_font_size=&#8221;18px&#8221; background_color=&#8221;#000000&#8243; border_color_left=&#8221;#ffffff&#8221; global_colors_info=&#8221;{}&#8221;][\/et_pb_menu][et_pb_divider divider_position=&#8221;center&#8221; _builder_version=&#8221;4.16&#8243; global_colors_info=&#8221;{}&#8221;][\/et_pb_divider][et_pb_menu menu_id=&#8221;367871&#8243; active_link_color=&#8221;#ffffff&#8221; _builder_version=&#8221;4.16&#8243; menu_text_color=&#8221;#ffffff&#8221; menu_font_size=&#8221;18px&#8221; background_color=&#8221;#000000&#8243; global_colors_info=&#8221;{}&#8221;][\/et_pb_menu][\/et_pb_column][et_pb_column type=&#8221;1_4&#8243; _builder_version=&#8221;4.16&#8243; global_colors_info=&#8221;{}&#8221;][et_pb_image src=&#8221;https:\/\/catedratrabajorecursoshumanosysalud.umh.es\/files\/2021\/04\/logo-umh_blanco.png&#8221; align=&#8221;right&#8221; _builder_version=&#8221;4.16&#8243; width=&#8221;85%&#8221; custom_margin=&#8221;250px||||false|false&#8221; global_colors_info=&#8221;{}&#8221;][\/et_pb_image][\/et_pb_column][\/et_pb_row][\/et_pb_section]<\/p>\n","protected":false},"excerpt":{"rendered":"<p>El pr\u00f3ximo 11 de noviembre de 2021 la C\u00e1tedra de Trabajo, Recursos Humanos y Salud se pone de largo. A las 18:00 tendremos la inauguraci\u00f3n de la c\u00e1tedra en el edificio Arenals. Tendremos 2 tipos de inscripci\u00f3n Presencial y Online. Se requiere inscripci\u00f3n. PROGRAMA. 18:00 Presentaci\u00f3n de la c\u00e1tedra. Cristina In\u00e9s Mulero Calvo. 18:30 Mesa [&hellip;]<\/p>\n","protected":false},"author":3735,"featured_media":6348,"comment_status":"closed","ping_status":"open","sticky":false,"template":"","format":"standard","meta":{"_et_pb_use_builder":"on","_et_pb_old_content":"","_et_gb_content_width":"","_links_to":"","_links_to_target":""},"categories":[1242,23],"tags":[50922],"_links":{"self":[{"href":"https:\/\/catedratrabajorecursoshumanosysalud.umh.es\/en\/wp-json\/wp\/v2\/posts\/6322"}],"collection":[{"href":"https:\/\/catedratrabajorecursoshumanosysalud.umh.es\/en\/wp-json\/wp\/v2\/posts"}],"about":[{"href":"https:\/\/catedratrabajorecursoshumanosysalud.umh.es\/en\/wp-json\/wp\/v2\/types\/post"}],"author":[{"embeddable":true,"href":"https:\/\/catedratrabajorecursoshumanosysalud.umh.es\/en\/wp-json\/wp\/v2\/users\/3735"}],"replies":[{"embeddable":true,"href":"https:\/\/catedratrabajorecursoshumanosysalud.umh.es\/en\/wp-json\/wp\/v2\/comments?post=6322"}],"version-history":[{"count":0,"href":"https:\/\/catedratrabajorecursoshumanosysalud.umh.es\/en\/wp-json\/wp\/v2\/posts\/6322\/revisions"}],"wp:featuredmedia":[{"embeddable":true,"href":"https:\/\/catedratrabajorecursoshumanosysalud.umh.es\/en\/wp-json\/wp\/v2\/media\/6348"}],"wp:attachment":[{"href":"https:\/\/catedratrabajorecursoshumanosysalud.umh.es\/en\/wp-json\/wp\/v2\/media?parent=6322"}],"wp:term":[{"taxonomy":"category","embeddable":true,"href":"https:\/\/catedratrabajorecursoshumanosysalud.umh.es\/en\/wp-json\/wp\/v2\/categories?post=6322"},{"taxonomy":"post_tag","embeddable":true,"href":"https:\/\/catedratrabajorecursoshumanosysalud.umh.es\/en\/wp-json\/wp\/v2\/tags?post=6322"}],"curies":[{"name":"wp","href":"https:\/\/api.w.org\/{rel}","templated":true}]}}