{"id":7866,"date":"2022-05-11T09:00:48","date_gmt":"2022-05-11T07:00:48","guid":{"rendered":"https:\/\/catedratrabajorecursoshumanosysalud.umh.es\/?p=7866"},"modified":"2022-05-11T10:47:36","modified_gmt":"2022-05-11T08:47:36","slug":"hablando-con-juan-perez-crespo-de-prevencion-de-riesgos-laborales","status":"publish","type":"post","link":"https:\/\/catedratrabajorecursoshumanosysalud.umh.es\/en\/hablando-con-juan-perez-crespo-de-prevencion-de-riesgos-laborales\/","title":{"rendered":"Borrador autom\u00e1tico"},"content":{"rendered":"<p>[et_pb_section fb_built=&#8221;1&#8243; _builder_version=&#8221;4.2.2&#8243;][et_pb_row _builder_version=&#8221;4.2.2&#8243;][et_pb_column _builder_version=&#8221;4.2.2&#8243; type=&#8221;4_4&#8243;][et_pb_text _builder_version=&#8221;4.2.2&#8243; hover_enabled=&#8221;0&#8243;]<\/p>\n<p style=\"text-align: justify\"><b>IV Jornadas de Trabajo, Recursos Humanos y Salud. <\/b><span style=\"font-weight: 400\">Aspectos Pr\u00e1cticos de la Gesti\u00f3n de la Prevenci\u00f3n de Riesgos Laborales en la Empresa<\/span><b>. Primera sesi\u00f3n: Juan P\u00e9rez Crespo.<\/b><\/p>\n<p style=\"text-align: justify\"><span style=\"font-weight: 400\">El pasado lunes 28 de marzo tuvo lugar la primera sesi\u00f3n de las IV Jornadas de Trabajo, Recursos Humanos y Salud, bajo el lema: Aspectos Pr\u00e1cticos de la Gesti\u00f3n de la Prevenci\u00f3n de Riesgos Laborales en la Empresa. El primer ponente fue Juan P\u00e9rez Crespo, T\u00e9cnico del Servicio de Prevenci\u00f3n de Riesgos Laborales de la de la UMH.\u00a0<\/span><\/p>\n<p style=\"text-align: justify\"><span style=\"font-weight: 400\">En esta sesi\u00f3n aprendimos todo lo relacionado con los elementos y la documentaci\u00f3n m\u00e1s relevantes de la prevenci\u00f3n de riesgos laborales (PRL) en la empresa.<\/span><\/p>\n<p style=\"text-align: justify\"><span style=\"font-weight: 400\">En la primera parte de la jornada, Juan P\u00e9rez, centrada en los elementos relevantes de PRL dio respuestas a:<\/span><\/p>\n<ul style=\"text-align: justify\">\n<li style=\"font-weight: 400\"><span style=\"font-weight: 400\">\u00bfQu\u00e9 es la Prevenci\u00f3n de Riesgos Laborales?<\/span><\/li>\n<li style=\"font-weight: 400\"><span style=\"font-weight: 400\">\u00bfQu\u00e9 objetivos persigue?<\/span><\/li>\n<li style=\"font-weight: 400\"><span style=\"font-weight: 400\">\u00bfCu\u00e1les son las consecuencias de la gesti\u00f3n de PRL?<\/span><\/li>\n<li style=\"font-weight: 400\"><span style=\"font-weight: 400\">\u00bfQui\u00e9n es el responsable de la PRL en la empresa?<\/span><\/li>\n<li style=\"font-weight: 400\"><span style=\"font-weight: 400\">\u00bfPor qu\u00e9 se deben documentar las actuaciones en PRL?<\/span><\/li>\n<li style=\"font-weight: 400\"><span style=\"font-weight: 400\">Posibilidades que ofrece la PRL para mejorar la gesti\u00f3n de la empresa<\/span><\/li>\n<\/ul>\n<p style=\"text-align: justify\"><span style=\"font-weight: 400\">Se introdujo una novedad en cuanto a la gesti\u00f3n de PRL, un nuevo paradigma: relaci\u00f3n coste-beneficio. Con este nuevo planteamiento, la PRL ofrece el paradigma inversi\u00f3n-retorno frente a la tradicional visi\u00f3n de coste econ\u00f3mico. Se plantearon aspectos de gran inter\u00e9s como: la importancia de que la prevenci\u00f3n debe integrarse en toda la organizaci\u00f3n desde arriba hasta abajo, ya que afecta a todas las actividades de la empresa y que es una obligaci\u00f3n legal que tiene consecuencias diversas disciplinar\u00edas (administrativas, civiles y hasta penales). Una vez finalizada la primera parte de la sesi\u00f3n, se dividi\u00f3 a los participantes en grupos a fin de crear un espacio de interacci\u00f3n. A cada grupo se le plante\u00f3 una pregunta sobre la que despu\u00e9s compartieron sus conclusiones en la sala general. Este formato genera dinamismo, valoraci\u00f3n y pertenencia, al aprovechar las aportaciones de las visiones de los participantes, adem\u00e1s de aumentar el <\/span><i><span style=\"font-weight: 400\">engagement <\/span><\/i><span style=\"font-weight: 400\">de la audiencia.<\/span><span style=\"font-weight: 400\">\u00a0<\/span><\/p>\n<p style=\"text-align: justify\"><span style=\"font-weight: 400\">En la segunda parte, el ponente, Juan P\u00e9rez, nos explic\u00f3 qu\u00e9 es el sistema documental de Prevenci\u00f3n de Riesgos Laborales en la empresa y nos transmiti\u00f3 la importancia de la documentaci\u00f3n en el sistema de gesti\u00f3n de riesgos. Detallo los documentos fundamentales, los requisitos legales a cumplir, subray\u00f3 la importancia de la disponibilidad de la documentaci\u00f3n y detall\u00f3 sus niveles de organizaci\u00f3n, desde el manual como documento b\u00e1sico que describe el sistema de gesti\u00f3n adoptado para la prevenci\u00f3n, hasta los registros que recogen los resultados de las actividades preventivas realizadas. Todos ellos son documentos fundamentales para facilitar la toma de decisiones. Adem\u00e1s, nos introdujo alg\u00fan ejemplo pr\u00e1ctico a fin de que pudi\u00e9semos entender de forma m\u00e1s concisa la importancia de la documentaci\u00f3n.\u00a0<\/span><\/p>\n<p style=\"text-align: justify\"><span style=\"font-weight: 400\">Para dar respuesta a las cuestiones propuestas por el ponente, durante esta sesi\u00f3n se volvi\u00f3 a crear espacios de interacci\u00f3n en los que el ponente particip\u00f3, contribuyendo a propiciar un mayor aprendizaje de la materia.<\/span><\/p>\n<p style=\"text-align: justify\"><span style=\"font-weight: 400\">Algunas de las reflexiones realizadas tras este trabajo interactivo se centraron en las auditor\u00edas y fueron:<\/span><\/p>\n<ul style=\"text-align: justify\">\n<li style=\"font-weight: 400\"><span style=\"font-weight: 400\">que las auditor\u00edas tienen una finalidad fundamental, adem\u00e1s de la legal, y es que pueden ser \u00fatiles a la alta direcci\u00f3n de la empresa para conocer si las unidades, departamentos o \u00e1reas de trabajo de la organizaci\u00f3n se est\u00e1n cumpliendo las normas propias que tiene la empresa,<\/span><\/li>\n<li style=\"font-weight: 400\"><span style=\"font-weight: 400\">que estas auditor\u00edas adem\u00e1s proporcionan un retorno de la informaci\u00f3n a sobre el cumplimiento de normas de Riesgos Laborales,<\/span><\/li>\n<li style=\"font-weight: 400\"><span style=\"font-weight: 400\">se destac\u00f3 tambi\u00e9n la importancia de otras utilidades como que los auditores pueden traer buenas pr\u00e1cticas de otras empresas, y\u00a0<\/span><\/li>\n<li style=\"font-weight: 400\"><span style=\"font-weight: 400\">que las auditor\u00edas son un fiscalizador, un garante de que las cosas se hacen conforme a la legislaci\u00f3n de Riesgos laborales.<\/span><\/li>\n<\/ul>\n<p style=\"text-align: justify\"><span style=\"font-weight: 400\">Para finalizar se concluy\u00f3 con la gran importancia de un sistema documental de PRL en la empresa, considerando no obstante que siendo este de gran importancia, no es el fin en s\u00ed mismo.\u00a0 Adem\u00e1s, hubo un nutrido debate con alumnos de psicolog\u00eda y profesionales sobre la importancia de los riesgos psicosociales y los derechos de privacidad de las personas. Por todo ello, estas jornadas han aportado conocimientos sobre PRL tan necesarios para los profesionales que gestionan el talento humano.<\/span><\/p>\n<p style=\"text-align: justify\"><span style=\"font-weight: 400\">Autor: <\/span><a href=\"http:\/\/www.linkedin.com\/in\/mcarmencandela\"><span style=\"font-weight: 400\">M\u00aa Carmen Candela<\/span><\/a><\/p>\n<p>[\/et_pb_text][\/et_pb_column][\/et_pb_row][\/et_pb_section]<\/p>\n","protected":false},"excerpt":{"rendered":"<p>IV Jornadas de Trabajo, Recursos Humanos y Salud. Aspectos Pr\u00e1cticos de la Gesti\u00f3n de la Prevenci\u00f3n de Riesgos Laborales en la Empresa. Primera sesi\u00f3n: Juan P\u00e9rez Crespo. El pasado lunes 28 de marzo tuvo lugar la primera sesi\u00f3n de las IV Jornadas de Trabajo, Recursos Humanos y Salud, bajo el lema: Aspectos Pr\u00e1cticos de la [&hellip;]<\/p>\n","protected":false},"author":3735,"featured_media":7872,"comment_status":"open","ping_status":"open","sticky":false,"template":"","format":"standard","meta":{"_et_pb_use_builder":"on","_et_pb_old_content":"","_et_gb_content_width":"","_links_to":"","_links_to_target":""},"categories":[164,23],"tags":[255,986,519],"_links":{"self":[{"href":"https:\/\/catedratrabajorecursoshumanosysalud.umh.es\/en\/wp-json\/wp\/v2\/posts\/7866"}],"collection":[{"href":"https:\/\/catedratrabajorecursoshumanosysalud.umh.es\/en\/wp-json\/wp\/v2\/posts"}],"about":[{"href":"https:\/\/catedratrabajorecursoshumanosysalud.umh.es\/en\/wp-json\/wp\/v2\/types\/post"}],"author":[{"embeddable":true,"href":"https:\/\/catedratrabajorecursoshumanosysalud.umh.es\/en\/wp-json\/wp\/v2\/users\/3735"}],"replies":[{"embeddable":true,"href":"https:\/\/catedratrabajorecursoshumanosysalud.umh.es\/en\/wp-json\/wp\/v2\/comments?post=7866"}],"version-history":[{"count":0,"href":"https:\/\/catedratrabajorecursoshumanosysalud.umh.es\/en\/wp-json\/wp\/v2\/posts\/7866\/revisions"}],"wp:featuredmedia":[{"embeddable":true,"href":"https:\/\/catedratrabajorecursoshumanosysalud.umh.es\/en\/wp-json\/wp\/v2\/media\/7872"}],"wp:attachment":[{"href":"https:\/\/catedratrabajorecursoshumanosysalud.umh.es\/en\/wp-json\/wp\/v2\/media?parent=7866"}],"wp:term":[{"taxonomy":"category","embeddable":true,"href":"https:\/\/catedratrabajorecursoshumanosysalud.umh.es\/en\/wp-json\/wp\/v2\/categories?post=7866"},{"taxonomy":"post_tag","embeddable":true,"href":"https:\/\/catedratrabajorecursoshumanosysalud.umh.es\/en\/wp-json\/wp\/v2\/tags?post=7866"}],"curies":[{"name":"wp","href":"https:\/\/api.w.org\/{rel}","templated":true}]}}