{"id":8409,"date":"2022-10-28T09:00:36","date_gmt":"2022-10-28T07:00:36","guid":{"rendered":"https:\/\/catedratrabajorecursoshumanosysalud.umh.es\/?p=8409"},"modified":"2023-01-04T13:05:16","modified_gmt":"2023-01-04T12:05:16","slug":"ii-jornadas-de-retorno-al-trabajo-efectivo-y-saludable-tras-una-baja-por-incapacidad-temporal","status":"publish","type":"post","link":"https:\/\/catedratrabajorecursoshumanosysalud.umh.es\/en\/ii-jornadas-de-retorno-al-trabajo-efectivo-y-saludable-tras-una-baja-por-incapacidad-temporal\/","title":{"rendered":"II Jornadas de Retorno al Trabajo Efectivo y Saludable Tras una Baja por Incapacidad Temporal"},"content":{"rendered":"<p>[et_pb_section fb_built=&#8221;1&#8243; admin_label=&#8221;Secci\u00f3n&#8221; _builder_version=&#8221;4.17.4&#8243; _module_preset=&#8221;default&#8221; global_colors_info=&#8221;{}&#8221;][et_pb_row _builder_version=&#8221;4.17.4&#8243; _module_preset=&#8221;default&#8221; global_colors_info=&#8221;{}&#8221;][et_pb_column type=&#8221;4_4&#8243; _builder_version=&#8221;4.17.4&#8243; _module_preset=&#8221;default&#8221; global_colors_info=&#8221;{}&#8221;][et_pb_text _builder_version=&#8221;4.17.4&#8243; _module_preset=&#8221;default&#8221; global_colors_info=&#8221;{}&#8221;]<\/p>\n<p><iframe loading=\"lazy\" title=\"II Jornadas de Retorno al Trabajo Efectivo y Saludable Tras una Baja por Incapacidad Temporal\" width=\"1080\" height=\"608\" src=\"https:\/\/www.youtube.com\/embed\/k0HWE_o-5Kw?feature=oembed\"  allow=\"accelerometer; autoplay; clipboard-write; encrypted-media; gyroscope; picture-in-picture\" allowfullscreen><\/iframe><\/p>\n<p>&nbsp;<\/p>\n<p>El pr\u00f3ximo 28 de noviembre se desarrollar\u00e1n las II Jornadas de Retorno al Trabajo Efectivo y Saludable tras una Baja por Incapacidad Temporal. Esta jornada es fruto de la colaboraci\u00f3n del Grupo de Investigaci\u00f3n Salud Ocupacional de la Universidad Miguel Hern\u00e1ndez de Elche y la Uni\u00f3n General de Trabajadoras y Trabajadores del Pa\u00eds Valenciano (UGT-PV), enmarcado en la Estrategia Valenciana de Seguridad, Salud y Bienestar Laboral, con enfoque de g\u00e9nero.<\/p>\n<ul>\n<li>D\u00eda: 28 de noviembre de 2022<\/li>\n<li>Hora: 10.00h-14.00h<\/li>\n<li>Modalidad:<br \/>&#8211; Presencial: Sal\u00f3n de Actos del Edificio Arenals (Universidad Miguel Hern\u00e1ndez): Av. Universidad, s\/n (Campus de Elche), 03202 Elche (Alicante)<br \/>&#8211; <a href=\"https:\/\/www.youtube.com\/channel\/UC0TERdbC8GLWONonE6sAwVA\">On-line (Canal YouTube de la C\u00e1tedra Trabajo, Recursos Humanos y Salud &#8211; UMH)<\/a><\/li>\n<\/ul>\n<p>Os dejamos el programa:<\/p>\n<p class=\"_04xlpA direction-ltr align-start para-style-body\"><span class=\"JsGRdQ\">10:00 Apertura<\/span><\/p>\n<blockquote>\n<p class=\"_04xlpA direction-ltr align-start para-style-body\"><span class=\"JsGRdQ\">Carlos P\u00e9rez Vidal. Vicerrector adjunto de Emprendimiento, Empresa y Entorno, UMH<\/span><\/p>\n<p><span class=\"JsGRdQ\">Marisa Baena Mart\u00ednez<\/span><span class=\"JsGRdQ\">.Vicesecretar\u00eda General y de Salud Laboral, Medio Ambiente y Cooperaci\u00f3n, UGT-PV<\/span><\/p>\n<p><span class=\"JsGRdQ\">Elvira R\u00f3denas Sancho. <\/span><span class=\"JsGRdQ\">Directora General de Trabajo, Bienestar y Seguridad Laboral, Conselleria de Econom\u00eda Sostenible, Sectores Productivos, Comercio y Trabajo-GVA<\/span><\/p>\n<\/blockquote>\n<p class=\"_04xlpA direction-ltr align-start para-style-body\"><span class=\"JsGRdQ\">10:15 Retorno al Trabajo tras una IT: el inicio<\/span><\/p>\n<blockquote>\n<p class=\"_04xlpA direction-ltr align-start para-style-body\"><span class=\"JsGRdQ\">Jos\u00e9 Rafael Lobato Ca\u00f1\u00f3n. <\/span><span class=\"JsGRdQ\">Miembro del Grupo de investigaci\u00f3n Salud-O (UMH). M\u00e9dico evaluador Jefe de la Unidad M\u00e9dica del EVI de la Direcci\u00f3n Provincial del INSS en Alicante<\/span><\/p>\n<\/blockquote>\n<p class=\"_04xlpA direction-ltr align-start para-style-body\"><span class=\"JsGRdQ\">10:30 Presentaci\u00f3n de la Investigaci\u00f3n y Desarrollo on-line<\/span><\/p>\n<blockquote>\n<p class=\"_04xlpA direction-ltr align-start para-style-body\"><span class=\"JsGRdQ\">Beatriz Mart\u00edn del R\u00edo. <\/span><span class=\"JsGRdQ\">Grupo de Investigaci\u00f3n Salud-O (UMH)<\/span><\/p>\n<\/blockquote>\n<p class=\"_04xlpA direction-ltr align-start para-style-body\"><span class=\"JsGRdQ\">11:30 Pausa Caf\u00e9<\/span><\/p>\n<p class=\"_04xlpA direction-ltr align-start para-style-body\"><span class=\"JsGRdQ\">12:00 Retorno al Trabajo Efectivo y Saludable. Ejemplos Pr\u00e1cticos<br \/><\/span><\/p>\n<blockquote>\n<p class=\"_04xlpA direction-ltr align-start para-style-body\"><span class=\"JsGRdQ\">Modera: Pablo Esteban Torres. <\/span><span class=\"JsGRdQ\">Coordinador de Salud Laboral. UGT-PV<\/span><\/p>\n<p class=\"_04xlpA direction-ltr align-justify para-style-body\"><span class=\"JsGRdQ\">Patricia Montoro Meyaui<\/span><span class=\"JsGRdQ\">. Directora de RRHH de IBG<\/span><\/p>\n<p class=\"_04xlpA direction-ltr align-justify para-style-body\"><span class=\"JsGRdQ\">Gema Cano de la Casa<\/span><span class=\"JsGRdQ\">. T\u00e9cnica de Prevenci\u00f3n de Riesgos Laborales de OTP<\/span><\/p>\n<p class=\"_04xlpA direction-ltr align-justify para-style-body\"><span class=\"JsGRdQ\">Francisco Jos\u00e9 Alzueta \u00c1lvarez<\/span><span class=\"JsGRdQ\">. M\u00e9dico del Trabajo, Jefe del Servicio de Prevenci\u00f3n Mancomunado de Tesorer\u00eda-INSS-ISM de Alicante<\/span><\/p>\n<p><span class=\"JsGRdQ\">Jos\u00e9 Carlos Gonz\u00e1lez Hernando, Jefe de la Unidad Especializada de Seguridad y Salud Laboral de la\u00a0Inspecci\u00f3n\u00a0Provincial de\u00a0Trabajo\u00a0y Seguridad Social de Alicante<\/span><\/p>\n<p class=\"_04xlpA direction-ltr align-justify para-style-body\"><span class=\"JsGRdQ\">Mar\u00eda Jos\u00e9 Caballero Zamora<\/span><span class=\"JsGRdQ\">. Directora territorial del INVASSAT en Alicante<\/span><\/p>\n<\/blockquote>\n<p class=\"_04xlpA direction-ltr align-start para-style-body\"><span class=\"JsGRdQ\">13:15 Retos de Futuro<\/span><\/p>\n<blockquote>\n<p class=\"_04xlpA direction-ltr align-start para-style-body\"><span class=\"JsGRdQ\">\u00c1ngel Solanes Puchol. <\/span><span class=\"JsGRdQ\">Director del Grupo de Investigaci\u00f3n Salud-O. Director de la C\u00e1tedra en Trabajo, Recursos Humanos y Salud (UMH)<\/span><\/p>\n<\/blockquote>\n<p class=\"_04xlpA direction-ltr align-start para-style-body\"><span class=\"JsGRdQ\">13:30 Clausura<\/span><\/p>\n<blockquote>\n<p><span class=\"JsGRdQ\">Ismael Senent Cartagena. Secretario General Comarcal, UGT Muntanya-Vinalop\u00f3-Vega Baja<\/span><span class=\"JsGRdQ\"><br \/><\/span><\/p>\n<\/blockquote>\n<p class=\"_04xlpA direction-ltr align-start para-style-body\"><span class=\"JsGRdQ\">La sesi\u00f3n se podr\u00e1 seguir tanto presencialmente como on-line, a trav\u00e9s del canal de <a href=\"https:\/\/www.youtube.com\/channel\/UC0TERdbC8GLWONonE6sAwVA\">YouTube de la c\u00e1tedra<\/a>.<br \/><\/span><\/p>\n<p>[\/et_pb_text][et_pb_button button_url=&#8221;https:\/\/forms.gle\/yjGpUN8aMXxBZofT7&#8243; button_text=&#8221;INSCRIPCIONES&#8221; _builder_version=&#8221;4.17.4&#8243; _module_preset=&#8221;default&#8221; global_colors_info=&#8221;{}&#8221;][\/et_pb_button][et_pb_text _builder_version=&#8221;4.17.4&#8243; _module_preset=&#8221;default&#8221; global_colors_info=&#8221;{}&#8221;]<\/p>\n<p>La situaci\u00f3n que nos ocupa en esta jornada es una realidad cotidiana en las empresas y la vida de las personas trabajadoras. Se inicia cuando a una persona trabajadora le diagnostican una patolog\u00eda que le separa del trabajo durante un periodo de tiempo importante pero que no acaba con su posibilidad de trabajar en el futuro. Esto cada vez es m\u00e1s frecuente gracias a los avances m\u00e9dicos y sociales, y pensamos que la sociedad tiene que avanzar hacia una respuesta conjunta ante esta nueva realidad.<\/p>\n<p>Entendemos que no es una realidad \u00fanicamente de personas empresarias y\/o trabajadoras. Creemos que es un problema estructural donde intervienen distintos actores, por lo que se requieren soluciones p\u00fablicas y privadas coordinadas encaminadas a responder a las necesidades de esta situaci\u00f3n, dar respuesta a la realidad y contribuir a la salud global de empresas, organizaciones y personas trabajadoras. Por ello, planteamos una jornada en la que los diferentes actores, en el \u00e1mbito de sus competencias, generen debate, teniendo en cuenta el enfoque de g\u00e9nero aportadas por todas las partes implicadas; adem\u00e1s, expondremos el trabajo realizado dentro de la colaboraci\u00f3n desarrollada entre las instituciones, UGT-PV y el grupo de Investigaci\u00f3n de Salud Ocupacional de la Universidad Miguel Hern\u00e1ndez de Elche que naci\u00f3 en las <a href=\"https:\/\/catedratrabajorecursoshumanosysalud.umh.es\/jornada-de-retorno-al-trabajo-efectivo-y-saludable-tras-baja-por-incapacidad-temporal\/\">jornadas anteriores de retorno al trabajo tras una baja por incapacidad temporal<\/a>. A trav\u00e9s del enlace pod\u00e9is ver el v\u00eddeo a las jornadas anteriores.<\/p>\n<p>[\/et_pb_text][et_pb_button _builder_version=&#8221;4.17.4&#8243; _module_preset=&#8221;default&#8221; button_text=&#8221;GALERIA DE FOTOS&#8221; button_url=&#8221;https:\/\/catedratrabajorecursoshumanosysalud.umh.es\/eventos-2022\/#RETORNOIT2&#8243; hover_enabled=&#8221;0&#8243; sticky_enabled=&#8221;0&#8243;][\/et_pb_button][\/et_pb_column][\/et_pb_row][\/et_pb_section]<\/p>\n","protected":false},"excerpt":{"rendered":"<p>&nbsp; El pr\u00f3ximo 28 de noviembre se desarrollar\u00e1n las II Jornadas de Retorno al Trabajo Efectivo y Saludable tras una Baja por Incapacidad Temporal. Esta jornada es fruto de la colaboraci\u00f3n del Grupo de Investigaci\u00f3n Salud Ocupacional de la Universidad Miguel Hern\u00e1ndez de Elche y la Uni\u00f3n General de Trabajadoras y Trabajadores del Pa\u00eds Valenciano [&hellip;]<\/p>\n","protected":false},"author":3735,"featured_media":8415,"comment_status":"open","ping_status":"open","sticky":false,"template":"","format":"standard","meta":{"_et_pb_use_builder":"on","_et_pb_old_content":"","_et_gb_content_width":"","_links_to":"","_links_to_target":""},"categories":[1242,744289,164,23,29677],"tags":[],"_links":{"self":[{"href":"https:\/\/catedratrabajorecursoshumanosysalud.umh.es\/en\/wp-json\/wp\/v2\/posts\/8409"}],"collection":[{"href":"https:\/\/catedratrabajorecursoshumanosysalud.umh.es\/en\/wp-json\/wp\/v2\/posts"}],"about":[{"href":"https:\/\/catedratrabajorecursoshumanosysalud.umh.es\/en\/wp-json\/wp\/v2\/types\/post"}],"author":[{"embeddable":true,"href":"https:\/\/catedratrabajorecursoshumanosysalud.umh.es\/en\/wp-json\/wp\/v2\/users\/3735"}],"replies":[{"embeddable":true,"href":"https:\/\/catedratrabajorecursoshumanosysalud.umh.es\/en\/wp-json\/wp\/v2\/comments?post=8409"}],"version-history":[{"count":0,"href":"https:\/\/catedratrabajorecursoshumanosysalud.umh.es\/en\/wp-json\/wp\/v2\/posts\/8409\/revisions"}],"wp:featuredmedia":[{"embeddable":true,"href":"https:\/\/catedratrabajorecursoshumanosysalud.umh.es\/en\/wp-json\/wp\/v2\/media\/8415"}],"wp:attachment":[{"href":"https:\/\/catedratrabajorecursoshumanosysalud.umh.es\/en\/wp-json\/wp\/v2\/media?parent=8409"}],"wp:term":[{"taxonomy":"category","embeddable":true,"href":"https:\/\/catedratrabajorecursoshumanosysalud.umh.es\/en\/wp-json\/wp\/v2\/categories?post=8409"},{"taxonomy":"post_tag","embeddable":true,"href":"https:\/\/catedratrabajorecursoshumanosysalud.umh.es\/en\/wp-json\/wp\/v2\/tags?post=8409"}],"curies":[{"name":"wp","href":"https:\/\/api.w.org\/{rel}","templated":true}]}}